{"id":4966,"date":"2017-06-03T17:40:43","date_gmt":"2017-06-03T15:40:43","guid":{"rendered":"http:\/\/www.jeanmoulinmarmande.fr\/?p=4966"},"modified":"2017-06-03T17:40:43","modified_gmt":"2017-06-03T15:40:43","slug":"guten-tag-bonjour","status":"publish","type":"post","link":"https:\/\/www.jeanmoulinmarmande.fr\/?p=4966","title":{"rendered":"Guten Tag ! Bonjour !"},"content":{"rendered":"<p>Vous ne le savez peut-\u00eatre pas mais, depuis septembre 2016, l&rsquo;allemand est enseign\u00e9 au coll\u00e8ge Jean Moulin. Il a \u00e9t\u00e9 propos\u00e9 \u00e0 huit \u00e9l\u00e8ves de 5<sup>e<\/sup> et de 4<sup>e <\/sup>&nbsp;dans le cadre de la LV2. Ces \u00e9l\u00e8ves poursuivront l&rsquo;apprentissage de l&rsquo;allemand l&rsquo;an prochain. Ce qu&rsquo;ils savent d\u00e9j\u00e0 faire \u00e0 l&rsquo;\u00e9crit est consultable par tous au CDI du coll\u00e8ge.<\/p>\n<p>Les \u00e9l\u00e8ves qui sont actuellement en 6<sup>e<\/sup> peuvent opter pour l&rsquo;allemand LV2 \u00e0 la rentr\u00e9e 2017. Si le choix de cette langue vous fait h\u00e9siter, voici quelques points de r\u00e9flexion&nbsp;:<\/p>\n<p>&#8211; L\u2019allemand est la langue maternelle d&rsquo;environ 100 millions de personnes habitant dans cinq pays diff\u00e9rents en plein c\u0153ur de l&rsquo;Europe.<\/p>\n<p>&#8211; L\u2019allemand est la langue d&rsquo;un pays qui propose beaucoup de possibilit\u00e9s d&rsquo;\u00e9changes et de stages individuels ou collectifs, que ce soit au coll\u00e8ge, au lyc\u00e9e ou \u00e0 l\u2019universit\u00e9. Les \u00e9changes Brigitte Sauzay permettent, par exemple, \u00e0 un coll\u00e9gien de troisi\u00e8me d&rsquo;aller durant trois mois en Allemagne chez un partenaire et de suivre les cours dans l&rsquo;\u00e9tablissement de ce partenaire. Le partenaire allemand est \u00e0 son tour re\u00e7u par l\u2019\u00e9l\u00e8ve fran\u00e7ais et scolaris\u00e9 dans l&rsquo;\u00e9tablissement fran\u00e7ais durant trois mois.<\/p>\n<p>&#8211; L\u2019allemand est une langue logique qui, parce qu&rsquo;elle demande d&rsquo;aborder un minimum de notions grammaticales, permet aux \u00e9l\u00e8ves qui la choisissent de mieux analyser leur propre langue maternelle, le fran\u00e7ais, ce qui a des retomb\u00e9es b\u00e9n\u00e9fiques pour le brevet.<\/p>\n<p>&#8211; L\u2019allemand est une langue \u00e0 l&rsquo;orthographe quasi phon\u00e9tique qui permet aux \u00e9l\u00e8ves, une fois qu&rsquo;ils ont compris les quelques r\u00e8gles de base, de la lire sans fautes et surtout de &nbsp;se rassurer face aux dict\u00e9es.<\/p>\n<p>&#8211; L\u2019allemand est une langue qui r\u00e9serve d\u2019agr\u00e9ables surprises comme la multitude de mots et de verbes transparents&nbsp;: reservieren, diskutieren, illustrieren pour ne citer que trois verbes et der Elefant, die Banane, das Auto pour n&rsquo;indiquer que trois mots.<\/p>\n<p>&#8211; L\u2019Allemagne c\u2019est tout un pays \u00e0 d\u00e9couvrir en dehors des id\u00e9es re\u00e7ues. Ce sont des pages d\u2019histoire parfois sombres, mais pas seulement&nbsp;: La chute du mur de Berlin s\u2019est faite de mani\u00e8re pacifique. Quant \u00e0 l\u2019humanisme rh\u00e9nan, il fut \u00e0 l\u2019origine d\u2019un tr\u00e8s beau courant de renouveau en Europe. Et puis, il n\u2019y a pas que l\u2019Allemagne. Il y a aussi l\u2019Autriche, la Suisse, Le Luxembourg et le liechtenstein.<\/p>\n<p>&#8211; L\u2019Allemagne c\u2019est un pays offrant de r\u00e9els d\u00e9bouch\u00e9s professionnels. En effet, les jeunes Fran\u00e7ais ma\u00eetrisant l\u2019allemand sont tr\u00e8s demand\u00e9s sur le march\u00e9 du travail allemand, car, dans un pays qui souffre peu du ch\u00f4mage, de nombreux postes restent chaque ann\u00e9e non pourvus par manque de personnes ma\u00eetrisant \u00e0 la fois l\u2019allemand et le fran\u00e7ais.<\/p>\n<p>Je terminerai en disant que choisir l\u2019allemand au coll\u00e8ge Jean Moulin, c\u2019est se retrouver dans des classes \u00e0 petits effectifs ce qui permet au professeur d\u2019accorder \u00e0 chacun un maximum d\u2019attention.<\/p>\n<p>Mit herzlichen Gr\u00fc\u00dfen \u2013 Cordialement.<\/p>\n<p>Mme&nbsp; Campbell, professeur d\u2019allemand.<\/p>\n","protected":false},"excerpt":{"rendered":"<p>Vous ne le savez peut-\u00eatre pas mais, depuis septembre 2016, l&rsquo;allemand est enseign\u00e9 au coll\u00e8ge Jean Moulin. Il a \u00e9t\u00e9 propos\u00e9 \u00e0 huit \u00e9l\u00e8ves de 5e et de 4e &nbsp;dans le cadre de la LV2. Ces \u00e9l\u00e8ves poursuivront l&rsquo;apprentissage de l&rsquo;allemand l&rsquo;an prochain. Ce qu&rsquo;ils savent d\u00e9j\u00e0 faire \u00e0 l&rsquo;\u00e9crit est consultable par tous au &hellip; <a href=\"https:\/\/www.jeanmoulinmarmande.fr\/?p=4966\" class=\"more-link\">Continuer la lecture de <span class=\"screen-reader-text\">Guten Tag ! Bonjour !<\/span>  <span class=\"meta-nav\">&rarr;<\/span><\/a><\/p>\n","protected":false},"author":3,"featured_media":0,"comment_status":"closed","ping_status":"open","sticky":false,"template":"","format":"standard","meta":{"ngg_post_thumbnail":0,"footnotes":""},"categories":[62],"tags":[],"class_list":["post-4966","post","type-post","status-publish","format-standard","hentry","category-info-generales"],"_links":{"self":[{"href":"https:\/\/www.jeanmoulinmarmande.fr\/index.php?rest_route=\/wp\/v2\/posts\/4966","targetHints":{"allow":["GET"]}}],"collection":[{"href":"https:\/\/www.jeanmoulinmarmande.fr\/index.php?rest_route=\/wp\/v2\/posts"}],"about":[{"href":"https:\/\/www.jeanmoulinmarmande.fr\/index.php?rest_route=\/wp\/v2\/types\/post"}],"author":[{"embeddable":true,"href":"https:\/\/www.jeanmoulinmarmande.fr\/index.php?rest_route=\/wp\/v2\/users\/3"}],"replies":[{"embeddable":true,"href":"https:\/\/www.jeanmoulinmarmande.fr\/index.php?rest_route=%2Fwp%2Fv2%2Fcomments&post=4966"}],"version-history":[{"count":1,"href":"https:\/\/www.jeanmoulinmarmande.fr\/index.php?rest_route=\/wp\/v2\/posts\/4966\/revisions"}],"predecessor-version":[{"id":4967,"href":"https:\/\/www.jeanmoulinmarmande.fr\/index.php?rest_route=\/wp\/v2\/posts\/4966\/revisions\/4967"}],"wp:attachment":[{"href":"https:\/\/www.jeanmoulinmarmande.fr\/index.php?rest_route=%2Fwp%2Fv2%2Fmedia&parent=4966"}],"wp:term":[{"taxonomy":"category","embeddable":true,"href":"https:\/\/www.jeanmoulinmarmande.fr\/index.php?rest_route=%2Fwp%2Fv2%2Fcategories&post=4966"},{"taxonomy":"post_tag","embeddable":true,"href":"https:\/\/www.jeanmoulinmarmande.fr\/index.php?rest_route=%2Fwp%2Fv2%2Ftags&post=4966"}],"curies":[{"name":"wp","href":"https:\/\/api.w.org\/{rel}","templated":true}]}}