{"id":4945,"date":"2017-05-29T18:38:57","date_gmt":"2017-05-29T16:38:57","guid":{"rendered":"http:\/\/www.jeanmoulinmarmande.fr\/?p=4945"},"modified":"2017-05-29T18:38:57","modified_gmt":"2017-05-29T16:38:57","slug":"enseignement-de-complement-latin","status":"publish","type":"post","link":"https:\/\/www.jeanmoulinmarmande.fr\/?p=4945","title":{"rendered":"Enseignement de compl\u00e9ment LATIN"},"content":{"rendered":"<p>Un Enseignement de compl\u00e9ment <strong>latin<\/strong> est propos\u00e9 \u00e0 tous les \u00e9l\u00e8ves de coll\u00e8ge \u00e0 partir de la cinqui\u00e8me, au rythme d&rsquo;une heure par semaine en cinqui\u00e8me et de deux heures hebdomadaires en quatri\u00e8me et troisi\u00e8me. Ces cours sont consacr\u00e9s \u00e0 l&rsquo;\u00e9tude de la langue latine, mais aussi de la civilisation romaine.<\/p>\n<p>&nbsp;<u>Pourquoi \u00e9tudier le latin ?<\/u><\/p>\n<p>&nbsp;* <strong>Le latin<\/strong>, qui n&rsquo;est plus parl\u00e9 aujourd&rsquo;hui, <strong>est l&rsquo;anc\u00eatre du fran\u00e7ais<\/strong> : apprendre du vocabulaire latin permet ainsi de d\u00e9couvrir ou de mieux comprendre de nombreux mots fran\u00e7ais. L&rsquo;apprenti latiniste observera aussi maintes ressemblances entre le latin et l&rsquo;<strong>espagnol <\/strong>mais \u00e9galement des similitudes grammaticales avec<strong> l&rsquo;allemand<\/strong>.<br \/>\n&nbsp;* Pour construire une phrase latine, il est indispensable de savoir o\u00f9 sont le verbe, le sujet, les compl\u00e9ments&#8230; si bien que l&rsquo;\u00e9l\u00e8ve se familiarise peu \u00e0 peu avec les notions de grammaire et de conjugaison \u00e9tudi\u00e9es parall\u00e8lement en fran\u00e7ais, et prend l&rsquo;habitude d&rsquo;une<strong> r\u00e9flexion pr\u00e9cise et rigoureuse<\/strong>.<br \/>\n&nbsp;* Le latin permet aux \u00e9l\u00e8ves en <strong>3\u00b0 <\/strong>de b\u00e9n\u00e9ficier de 10 \u00e0 20 points suppl\u00e9mentaires dans <strong>l&rsquo;\u00e9valuation de la ma\u00eetrise du socle commun,<\/strong> \u00e9valuation prise en compte pour l&rsquo;obtention du<strong> brevet.<\/strong> Mais tous ces avantages semblent bien ternes, compar\u00e9s au plaisir de se plonger dans une <strong>civilisation<\/strong> si d\u00e9paysante et en m\u00eame temps si proche de nous, tant sont nombreuses ses traces dans notre litt\u00e9rature, notre langage et notre quotidien !<\/p>\n<p><u>Attention !<\/u><\/p>\n<p>&nbsp;* Tout le travail \u00e9crit se fait en classe, mais l&rsquo;\u00e9l\u00e8ve doit imp\u00e9rativement <strong>apprendre par c\u0153ur \u00e0 la maison les le\u00e7ons <\/strong>\u00e9tudi\u00e9es au pr\u00e9alable en cours (le s\u00e9rieux de cet apprentissage est d&rsquo;ailleurs toujours r\u00e9compens\u00e9 par d&rsquo;excellentes notes).<\/p>\n<p>&nbsp;* L&rsquo;enseignement se d\u00e9roule sur trois ans (et peut ensuite \u00eatre poursuivie au lyc\u00e9e). Dans le cas o\u00f9 un \u00e9l\u00e8ve rencontrerait dans l&rsquo;ensemble des mati\u00e8res des difficult\u00e9s qui feraient du latin une charge excessive, il lui serait cependant possible (de mani\u00e8re exceptionnelle) d&rsquo;arr\u00eater l&rsquo;option en fin de cinqui\u00e8me, apr\u00e8s rencontre de ses parents avec le professeur et par d\u00e9cision du conseil de classe.<\/p>\n<p>&nbsp;Nous esp\u00e9rons que ces \u00e9l\u00e9ments d&rsquo;information vous permettront de faire le choix le plus appropri\u00e9. Une <strong>s\u00e9ance d&rsquo;initiation<\/strong> au latin&nbsp; sera effectu\u00e9e au d\u00e9but du mois de juin par le professeur de fran\u00e7ais de chaque classe de sixi\u00e8me, afin de donner aux enfants une id\u00e9e plus pr\u00e9cise de cette mati\u00e8re. Un <strong>diaporama<\/strong> est en outre consultable sur le site du coll\u00e8ge.<\/p>\n<p><a href=\"http:\/\/www.jeanmoulinmarmande.fr\/wp-content\/uploads\/2017\/05\/preslat6.pdf\">Pr\u00e9sentation du Latin en 6\u00b0<\/a><\/p>\n","protected":false},"excerpt":{"rendered":"<p>Un Enseignement de compl\u00e9ment latin est propos\u00e9 \u00e0 tous les \u00e9l\u00e8ves de coll\u00e8ge \u00e0 partir de la cinqui\u00e8me, au rythme d&rsquo;une heure par semaine en cinqui\u00e8me et de deux heures hebdomadaires en quatri\u00e8me et troisi\u00e8me. Ces cours sont consacr\u00e9s \u00e0 l&rsquo;\u00e9tude de la langue latine, mais aussi de la civilisation romaine. &nbsp;Pourquoi \u00e9tudier le latin &hellip; <a href=\"https:\/\/www.jeanmoulinmarmande.fr\/?p=4945\" class=\"more-link\">Continuer la lecture de <span class=\"screen-reader-text\">Enseignement de compl\u00e9ment LATIN<\/span>  <span class=\"meta-nav\">&rarr;<\/span><\/a><\/p>\n","protected":false},"author":3,"featured_media":0,"comment_status":"closed","ping_status":"open","sticky":false,"template":"","format":"standard","meta":{"ngg_post_thumbnail":0,"footnotes":""},"categories":[62],"tags":[86],"class_list":["post-4945","post","type-post","status-publish","format-standard","hentry","category-info-generales","tag-infos-parents"],"_links":{"self":[{"href":"https:\/\/www.jeanmoulinmarmande.fr\/index.php?rest_route=\/wp\/v2\/posts\/4945","targetHints":{"allow":["GET"]}}],"collection":[{"href":"https:\/\/www.jeanmoulinmarmande.fr\/index.php?rest_route=\/wp\/v2\/posts"}],"about":[{"href":"https:\/\/www.jeanmoulinmarmande.fr\/index.php?rest_route=\/wp\/v2\/types\/post"}],"author":[{"embeddable":true,"href":"https:\/\/www.jeanmoulinmarmande.fr\/index.php?rest_route=\/wp\/v2\/users\/3"}],"replies":[{"embeddable":true,"href":"https:\/\/www.jeanmoulinmarmande.fr\/index.php?rest_route=%2Fwp%2Fv2%2Fcomments&post=4945"}],"version-history":[{"count":2,"href":"https:\/\/www.jeanmoulinmarmande.fr\/index.php?rest_route=\/wp\/v2\/posts\/4945\/revisions"}],"predecessor-version":[{"id":4948,"href":"https:\/\/www.jeanmoulinmarmande.fr\/index.php?rest_route=\/wp\/v2\/posts\/4945\/revisions\/4948"}],"wp:attachment":[{"href":"https:\/\/www.jeanmoulinmarmande.fr\/index.php?rest_route=%2Fwp%2Fv2%2Fmedia&parent=4945"}],"wp:term":[{"taxonomy":"category","embeddable":true,"href":"https:\/\/www.jeanmoulinmarmande.fr\/index.php?rest_route=%2Fwp%2Fv2%2Fcategories&post=4945"},{"taxonomy":"post_tag","embeddable":true,"href":"https:\/\/www.jeanmoulinmarmande.fr\/index.php?rest_route=%2Fwp%2Fv2%2Ftags&post=4945"}],"curies":[{"name":"wp","href":"https:\/\/api.w.org\/{rel}","templated":true}]}}