{"id":4930,"date":"2017-05-21T08:13:03","date_gmt":"2017-05-21T06:13:03","guid":{"rendered":"http:\/\/www.jeanmoulinmarmande.fr\/?p=4930"},"modified":"2017-05-21T08:13:03","modified_gmt":"2017-05-21T06:13:03","slug":"la-grande-tournee-les-3e3-rencontrent-la-dessinatrice-camille-lavaud-et-3-oeuvres-du-frac-aquitaine","status":"publish","type":"post","link":"https:\/\/www.jeanmoulinmarmande.fr\/?p=4930","title":{"rendered":"La Grande Tourn\u00e9e.  Les 3e3 rencontrent la dessinatrice Camille Lavaud et 3 \u0153uvres du FRAC Aquitaine."},"content":{"rendered":"<p>Avez-vous remarqu\u00e9 les dessins expos\u00e9s dans les vitrines du hall en lieu et place des r\u00e9sultats sportifs&nbsp;? Il s\u2019agit des productions que les \u00e9l\u00e8ves de 3<sup>e<\/sup>3 ont r\u00e9alis\u00e9es &nbsp;lors d\u2019une journ\u00e9e de travail avec la dessinatrice Camille Lavaud et une m\u00e9diatrice du F.R.A.C. Aquitaine, Laura Bouvard, accompagn\u00e9es par Mme Condy, professeur d\u2019arts plastiques. C\u2019\u00e9tait le 11 avril dernier.<\/p>\n<p>Afin de d\u00e9couvrir les d\u00e9marches de Camille Lavaud et d\u2019un photographe choisi par elle dans les collections du Frac, Denis Roche, les \u00e9l\u00e8ves ont \u00e9t\u00e9 invit\u00e9s \u00e0 r\u00e9aliser en bin\u00f4me un dessin double sur le principe des photolalies (mot invent\u00e9 par Denis Roche pour d\u00e9signer une photographie compos\u00e9e d\u2019une superposition d\u2019images prises \u00e0 un temps d\u2019intervalle).<\/p>\n<p>La journ\u00e9e a \u00e9t\u00e9 riche d\u2019\u00e9changes et de questionnements artistiques pour les \u00e9l\u00e8ves qui ont pu faire l\u2019exp\u00e9rience d\u2019une pratique graphique sur une longue dur\u00e9e avec une exposition \u00e0 la cl\u00e9.<\/p>\n<p>D\u00e9couvrez les photos de cette journ\u00e9e ainsi que le making off de l\u2019accrochage qui restitue l\u2019exposition r\u00e9alis\u00e9e en classe par les \u00e9l\u00e8ves.<\/p>\n<p>Que les 8 \u00e9l\u00e8ves volontaires, Ma\u00eblys, Camille, Laurine, Marine, L\u00e9a, Sofia, Oc\u00e9ane et Quentin, soient chaleureusement remerci\u00e9s pour leur participation active, leur autonomie et leur enthousiasme&nbsp;!<\/p>\n<p>Pour d\u00e9couvrir l\u2019\u0153uvre de Camille Lavaud autour de la m\u00e9moire graphique<\/p>\n<p><a href=\"http:\/\/www.camillelavaud.com\/\">http:\/\/www.camillelavaud.com\/<\/a><\/p>\n<p>Pour d\u00e9couvrir le FRAC Aquitaine (Fonds R\u00e9gional d\u2019Art Contemporain)<\/p>\n<p><a href=\"http:\/\/frac-aquitaine.net\/\">http:\/\/frac-aquitaine.net\/<\/a><\/p>\n<p>Pour d\u00e9couvrir les photographies de Denis Roche<\/p>\n<p><a href=\"http:\/\/www.galerielereverbere.com\/ficheArtiste.php?id_artiste=31\">http:\/\/www.galerielereverbere.com\/ficheArtiste.php?id_artiste=31<\/a><\/p>\nngg_shortcode_0_placeholder\n","protected":false},"excerpt":{"rendered":"<p>Avez-vous remarqu\u00e9 les dessins expos\u00e9s dans les vitrines du hall en lieu et place des r\u00e9sultats sportifs&nbsp;? Il s\u2019agit des productions que les \u00e9l\u00e8ves de 3e3 ont r\u00e9alis\u00e9es &nbsp;lors d\u2019une journ\u00e9e de travail avec la dessinatrice Camille Lavaud et une m\u00e9diatrice du F.R.A.C. Aquitaine, Laura Bouvard, accompagn\u00e9es par Mme Condy, professeur d\u2019arts plastiques. C\u2019\u00e9tait le &hellip; <a href=\"https:\/\/www.jeanmoulinmarmande.fr\/?p=4930\" class=\"more-link\">Continuer la lecture de <span class=\"screen-reader-text\">La Grande Tourn\u00e9e.  Les 3e3 rencontrent la dessinatrice Camille Lavaud et 3 \u0153uvres du FRAC Aquitaine.<\/span>  <span class=\"meta-nav\">&rarr;<\/span><\/a><\/p>\n","protected":false},"author":3,"featured_media":4931,"comment_status":"closed","ping_status":"open","sticky":false,"template":"","format":"standard","meta":{"ngg_post_thumbnail":0,"footnotes":""},"categories":[32,13],"tags":[93,86],"class_list":["post-4930","post","type-post","status-publish","format-standard","has-post-thumbnail","hentry","category-arts-plastiques","category-pedagogie","tag-infos-eleves","tag-infos-parents"],"_links":{"self":[{"href":"https:\/\/www.jeanmoulinmarmande.fr\/index.php?rest_route=\/wp\/v2\/posts\/4930","targetHints":{"allow":["GET"]}}],"collection":[{"href":"https:\/\/www.jeanmoulinmarmande.fr\/index.php?rest_route=\/wp\/v2\/posts"}],"about":[{"href":"https:\/\/www.jeanmoulinmarmande.fr\/index.php?rest_route=\/wp\/v2\/types\/post"}],"author":[{"embeddable":true,"href":"https:\/\/www.jeanmoulinmarmande.fr\/index.php?rest_route=\/wp\/v2\/users\/3"}],"replies":[{"embeddable":true,"href":"https:\/\/www.jeanmoulinmarmande.fr\/index.php?rest_route=%2Fwp%2Fv2%2Fcomments&post=4930"}],"version-history":[{"count":1,"href":"https:\/\/www.jeanmoulinmarmande.fr\/index.php?rest_route=\/wp\/v2\/posts\/4930\/revisions"}],"predecessor-version":[{"id":4932,"href":"https:\/\/www.jeanmoulinmarmande.fr\/index.php?rest_route=\/wp\/v2\/posts\/4930\/revisions\/4932"}],"wp:featuredmedia":[{"embeddable":true,"href":"https:\/\/www.jeanmoulinmarmande.fr\/index.php?rest_route=\/wp\/v2\/media\/4931"}],"wp:attachment":[{"href":"https:\/\/www.jeanmoulinmarmande.fr\/index.php?rest_route=%2Fwp%2Fv2%2Fmedia&parent=4930"}],"wp:term":[{"taxonomy":"category","embeddable":true,"href":"https:\/\/www.jeanmoulinmarmande.fr\/index.php?rest_route=%2Fwp%2Fv2%2Fcategories&post=4930"},{"taxonomy":"post_tag","embeddable":true,"href":"https:\/\/www.jeanmoulinmarmande.fr\/index.php?rest_route=%2Fwp%2Fv2%2Ftags&post=4930"}],"curies":[{"name":"wp","href":"https:\/\/api.w.org\/{rel}","templated":true}]}}