{"id":4927,"date":"2017-05-21T08:10:05","date_gmt":"2017-05-21T06:10:05","guid":{"rendered":"http:\/\/www.jeanmoulinmarmande.fr\/?p=4927"},"modified":"2017-05-21T08:10:05","modified_gmt":"2017-05-21T06:10:05","slug":"les-5e1-a-laise-a-la-galerie-egregore","status":"publish","type":"post","link":"https:\/\/www.jeanmoulinmarmande.fr\/?p=4927","title":{"rendered":"Les 5e1 \u00e0 l\u2019aise \u00e0 la Galerie Egregore !"},"content":{"rendered":"<p>Le vendredi 14 avril dernier, les \u00e9l\u00e8ves de 5<sup>e<\/sup>1 profitaient d\u2019une visite \u00e0 la galerie Egregore pour d\u00e9couvrir et \u00e9tudier en pratique l\u2019\u0153uvre graphique de G\u00e9rard Sendrey, artiste autodidacte dont la galerie Egregore pr\u00e9sente une r\u00e9trospective r\u00e9jouissante jusq\u2019au 28 mai. Des dessins au Posca, \u00e0 l\u2019encre, au stylo bille et m\u00eame au noir de fum\u00e9e, gauffrage, coulures, jeux de lignes, sur papier, carton, feutrine ou sur papier photo, en couleur ou en noir et blanc, nous avons pu faire l\u2019exp\u00e9rience d\u2019une d\u00e9marche riche et extr\u00eament vari\u00e9e bas\u00e9e sur la repr\u00e9sentation des figures humaines, l\u2019exp\u00e9rimentation et le jeu&nbsp;: une expo \u00e9tonnante et communicative&nbsp;!<\/p>\n<p>D\u00e9couvrez les photos des \u00e9l\u00e8ves au travail et des superbes livrets r\u00e9alis\u00e9s pendant la visite et compl\u00e9t\u00e9s en classe.<\/p>\n<p>Mme Condy<\/p>\nngg_shortcode_0_placeholder\n","protected":false},"excerpt":{"rendered":"<p>Le vendredi 14 avril dernier, les \u00e9l\u00e8ves de 5e1 profitaient d\u2019une visite \u00e0 la galerie Egregore pour d\u00e9couvrir et \u00e9tudier en pratique l\u2019\u0153uvre graphique de G\u00e9rard Sendrey, artiste autodidacte dont la galerie Egregore pr\u00e9sente une r\u00e9trospective r\u00e9jouissante jusq\u2019au 28 mai. Des dessins au Posca, \u00e0 l\u2019encre, au stylo bille et m\u00eame au noir de fum\u00e9e, &hellip; <a href=\"https:\/\/www.jeanmoulinmarmande.fr\/?p=4927\" class=\"more-link\">Continuer la lecture de <span class=\"screen-reader-text\">Les 5e1 \u00e0 l\u2019aise \u00e0 la Galerie Egregore !<\/span>  <span class=\"meta-nav\">&rarr;<\/span><\/a><\/p>\n","protected":false},"author":3,"featured_media":4928,"comment_status":"closed","ping_status":"open","sticky":false,"template":"","format":"standard","meta":{"ngg_post_thumbnail":0,"footnotes":""},"categories":[32,13],"tags":[93,86],"class_list":["post-4927","post","type-post","status-publish","format-standard","has-post-thumbnail","hentry","category-arts-plastiques","category-pedagogie","tag-infos-eleves","tag-infos-parents"],"_links":{"self":[{"href":"https:\/\/www.jeanmoulinmarmande.fr\/index.php?rest_route=\/wp\/v2\/posts\/4927","targetHints":{"allow":["GET"]}}],"collection":[{"href":"https:\/\/www.jeanmoulinmarmande.fr\/index.php?rest_route=\/wp\/v2\/posts"}],"about":[{"href":"https:\/\/www.jeanmoulinmarmande.fr\/index.php?rest_route=\/wp\/v2\/types\/post"}],"author":[{"embeddable":true,"href":"https:\/\/www.jeanmoulinmarmande.fr\/index.php?rest_route=\/wp\/v2\/users\/3"}],"replies":[{"embeddable":true,"href":"https:\/\/www.jeanmoulinmarmande.fr\/index.php?rest_route=%2Fwp%2Fv2%2Fcomments&post=4927"}],"version-history":[{"count":1,"href":"https:\/\/www.jeanmoulinmarmande.fr\/index.php?rest_route=\/wp\/v2\/posts\/4927\/revisions"}],"predecessor-version":[{"id":4929,"href":"https:\/\/www.jeanmoulinmarmande.fr\/index.php?rest_route=\/wp\/v2\/posts\/4927\/revisions\/4929"}],"wp:featuredmedia":[{"embeddable":true,"href":"https:\/\/www.jeanmoulinmarmande.fr\/index.php?rest_route=\/wp\/v2\/media\/4928"}],"wp:attachment":[{"href":"https:\/\/www.jeanmoulinmarmande.fr\/index.php?rest_route=%2Fwp%2Fv2%2Fmedia&parent=4927"}],"wp:term":[{"taxonomy":"category","embeddable":true,"href":"https:\/\/www.jeanmoulinmarmande.fr\/index.php?rest_route=%2Fwp%2Fv2%2Fcategories&post=4927"},{"taxonomy":"post_tag","embeddable":true,"href":"https:\/\/www.jeanmoulinmarmande.fr\/index.php?rest_route=%2Fwp%2Fv2%2Ftags&post=4927"}],"curies":[{"name":"wp","href":"https:\/\/api.w.org\/{rel}","templated":true}]}}