{"id":4660,"date":"2017-05-08T20:19:18","date_gmt":"2017-05-08T18:19:18","guid":{"rendered":"http:\/\/www.jeanmoulinmarmande.fr\/?p=4660"},"modified":"2017-05-08T20:20:45","modified_gmt":"2017-05-08T18:20:45","slug":"concours-resistance","status":"publish","type":"post","link":"https:\/\/www.jeanmoulinmarmande.fr\/?p=4660","title":{"rendered":"Concours R\u00e9sistance"},"content":{"rendered":"<p>Bravo aux \u00e9l\u00e8ves de 3\u00e8me 1 (Anne-Emmanuelle Constans, Tiffany-Luna Sadou-Boudet), de 3\u00e8me 3 (L\u00e9a Costa, Sofia Loureiro, Marine Rollet, Oc\u00e9ane Vassalerie), 3\u00e8me 4 (Aurore Caumont, Morgane Pinchon, absentes sur la photo car en sortie \u00e0 Bilbao), 3\u00e8me 5 (Juliette Brocas, Carla Gay, Eleanor Goualch, Elise Ibimale) qui ont particip\u00e9 au concours de la R\u00e9sistance sur \u00ab\u00a0la n\u00e9gation de l&rsquo;homme dans l&rsquo;univers concentrationnaire nazi\u00a0\u00bb et ont toutes \u00e9t\u00e9 prim\u00e9es avec de tr\u00e8s bons r\u00e9sultats au niveau de l&rsquo;ANACR 47.<\/p>\n","protected":false},"excerpt":{"rendered":"<p>Bravo aux \u00e9l\u00e8ves de 3\u00e8me 1 (Anne-Emmanuelle Constans, Tiffany-Luna Sadou-Boudet), de 3\u00e8me 3 (L\u00e9a Costa, Sofia Loureiro, Marine Rollet, Oc\u00e9ane Vassalerie), 3\u00e8me 4 (Aurore Caumont, Morgane Pinchon, absentes sur la photo car en sortie \u00e0 Bilbao), 3\u00e8me 5 (Juliette Brocas, Carla Gay, Eleanor Goualch, Elise Ibimale) qui ont particip\u00e9 au concours de la R\u00e9sistance sur &hellip; <a href=\"https:\/\/www.jeanmoulinmarmande.fr\/?p=4660\" class=\"more-link\">Continuer la lecture de <span class=\"screen-reader-text\">Concours R\u00e9sistance<\/span>  <span class=\"meta-nav\">&rarr;<\/span><\/a><\/p>\n","protected":false},"author":3,"featured_media":4661,"comment_status":"closed","ping_status":"open","sticky":false,"template":"","format":"standard","meta":{"ngg_post_thumbnail":0,"footnotes":""},"categories":[75,13],"tags":[],"class_list":["post-4660","post","type-post","status-publish","format-standard","has-post-thumbnail","hentry","category-histoire-geographie","category-pedagogie"],"_links":{"self":[{"href":"https:\/\/www.jeanmoulinmarmande.fr\/index.php?rest_route=\/wp\/v2\/posts\/4660","targetHints":{"allow":["GET"]}}],"collection":[{"href":"https:\/\/www.jeanmoulinmarmande.fr\/index.php?rest_route=\/wp\/v2\/posts"}],"about":[{"href":"https:\/\/www.jeanmoulinmarmande.fr\/index.php?rest_route=\/wp\/v2\/types\/post"}],"author":[{"embeddable":true,"href":"https:\/\/www.jeanmoulinmarmande.fr\/index.php?rest_route=\/wp\/v2\/users\/3"}],"replies":[{"embeddable":true,"href":"https:\/\/www.jeanmoulinmarmande.fr\/index.php?rest_route=%2Fwp%2Fv2%2Fcomments&post=4660"}],"version-history":[{"count":3,"href":"https:\/\/www.jeanmoulinmarmande.fr\/index.php?rest_route=\/wp\/v2\/posts\/4660\/revisions"}],"predecessor-version":[{"id":4664,"href":"https:\/\/www.jeanmoulinmarmande.fr\/index.php?rest_route=\/wp\/v2\/posts\/4660\/revisions\/4664"}],"wp:featuredmedia":[{"embeddable":true,"href":"https:\/\/www.jeanmoulinmarmande.fr\/index.php?rest_route=\/wp\/v2\/media\/4661"}],"wp:attachment":[{"href":"https:\/\/www.jeanmoulinmarmande.fr\/index.php?rest_route=%2Fwp%2Fv2%2Fmedia&parent=4660"}],"wp:term":[{"taxonomy":"category","embeddable":true,"href":"https:\/\/www.jeanmoulinmarmande.fr\/index.php?rest_route=%2Fwp%2Fv2%2Fcategories&post=4660"},{"taxonomy":"post_tag","embeddable":true,"href":"https:\/\/www.jeanmoulinmarmande.fr\/index.php?rest_route=%2Fwp%2Fv2%2Ftags&post=4660"}],"curies":[{"name":"wp","href":"https:\/\/api.w.org\/{rel}","templated":true}]}}