{"id":4542,"date":"2017-04-01T17:22:54","date_gmt":"2017-04-01T15:22:54","guid":{"rendered":"http:\/\/www.jeanmoulinmarmande.fr\/?p=4542"},"modified":"2017-04-01T17:22:54","modified_gmt":"2017-04-01T15:22:54","slug":"paysages-sonores-des-4e3","status":"publish","type":"post","link":"https:\/\/www.jeanmoulinmarmande.fr\/?p=4542","title":{"rendered":"Paysages sonores des 4e3"},"content":{"rendered":"<p>Tout au long du 2<sup>e<\/sup> trimestre, les \u00e9l\u00e8ves de 4<sup>e<\/sup>3 ont travaill\u00e9 l\u2019oral seuls ou en petits groupes pour embarquer l\u2019auditeur dans un paysage marin, alpin ou urbain, cr\u00e9\u00e9 \u00e0 l\u2019origine \u00e0 partir d\u2019images bleues d\u00e9coup\u00e9es dans des magazines. Bruitages, rythmes, approches po\u00e9tiques ou dialogu\u00e9es ont \u00e9t\u00e9 les solutions trouv\u00e9es par les \u00e9l\u00e8ves pour capter l\u2019auditeur avec plus ou moins de succ\u00e9s.<\/p>\n<p>En voici les r\u00e9sultats, habill\u00e9s de fonds sonores ajout\u00e9s par le professeur. &nbsp;Bonne \u00e9coute&nbsp;!<\/p>\n<p>Mme Condy<\/p>\n<audio class=\"wp-audio-shortcode\" id=\"audio-4542-1\" preload=\"none\" style=\"width: 100%;\" controls=\"controls\"><source type=\"audio\/mpeg\" src=\"http:\/\/www.jeanmoulinmarmande.fr\/wp-content\/uploads\/2017\/04\/4e3_gp1.mp3?_=1\" \/><a href=\"http:\/\/www.jeanmoulinmarmande.fr\/wp-content\/uploads\/2017\/04\/4e3_gp1.mp3\">http:\/\/www.jeanmoulinmarmande.fr\/wp-content\/uploads\/2017\/04\/4e3_gp1.mp3<\/a><\/audio>\n<audio class=\"wp-audio-shortcode\" id=\"audio-4542-2\" preload=\"none\" style=\"width: 100%;\" controls=\"controls\"><source type=\"audio\/mpeg\" src=\"http:\/\/www.jeanmoulinmarmande.fr\/wp-content\/uploads\/2017\/04\/4e3_gp2.mp3?_=2\" \/><a href=\"http:\/\/www.jeanmoulinmarmande.fr\/wp-content\/uploads\/2017\/04\/4e3_gp2.mp3\">http:\/\/www.jeanmoulinmarmande.fr\/wp-content\/uploads\/2017\/04\/4e3_gp2.mp3<\/a><\/audio>\nngg_shortcode_0_placeholder\n","protected":false},"excerpt":{"rendered":"<p>Tout au long du 2e trimestre, les \u00e9l\u00e8ves de 4e3 ont travaill\u00e9 l\u2019oral seuls ou en petits groupes pour embarquer l\u2019auditeur dans un paysage marin, alpin ou urbain, cr\u00e9\u00e9 \u00e0 l\u2019origine \u00e0 partir d\u2019images bleues d\u00e9coup\u00e9es dans des magazines. Bruitages, rythmes, approches po\u00e9tiques ou dialogu\u00e9es ont \u00e9t\u00e9 les solutions trouv\u00e9es par les \u00e9l\u00e8ves pour capter &hellip; <a href=\"https:\/\/www.jeanmoulinmarmande.fr\/?p=4542\" class=\"more-link\">Continuer la lecture de <span class=\"screen-reader-text\">Paysages sonores des 4e3<\/span>  <span class=\"meta-nav\">&rarr;<\/span><\/a><\/p>\n","protected":false},"author":3,"featured_media":4561,"comment_status":"closed","ping_status":"open","sticky":false,"template":"","format":"standard","meta":{"ngg_post_thumbnail":0,"footnotes":""},"categories":[29,13],"tags":[],"class_list":["post-4542","post","type-post","status-publish","format-standard","has-post-thumbnail","hentry","category-accompagnement-personnalise","category-pedagogie"],"_links":{"self":[{"href":"https:\/\/www.jeanmoulinmarmande.fr\/index.php?rest_route=\/wp\/v2\/posts\/4542","targetHints":{"allow":["GET"]}}],"collection":[{"href":"https:\/\/www.jeanmoulinmarmande.fr\/index.php?rest_route=\/wp\/v2\/posts"}],"about":[{"href":"https:\/\/www.jeanmoulinmarmande.fr\/index.php?rest_route=\/wp\/v2\/types\/post"}],"author":[{"embeddable":true,"href":"https:\/\/www.jeanmoulinmarmande.fr\/index.php?rest_route=\/wp\/v2\/users\/3"}],"replies":[{"embeddable":true,"href":"https:\/\/www.jeanmoulinmarmande.fr\/index.php?rest_route=%2Fwp%2Fv2%2Fcomments&post=4542"}],"version-history":[{"count":3,"href":"https:\/\/www.jeanmoulinmarmande.fr\/index.php?rest_route=\/wp\/v2\/posts\/4542\/revisions"}],"predecessor-version":[{"id":4562,"href":"https:\/\/www.jeanmoulinmarmande.fr\/index.php?rest_route=\/wp\/v2\/posts\/4542\/revisions\/4562"}],"wp:featuredmedia":[{"embeddable":true,"href":"https:\/\/www.jeanmoulinmarmande.fr\/index.php?rest_route=\/wp\/v2\/media\/4561"}],"wp:attachment":[{"href":"https:\/\/www.jeanmoulinmarmande.fr\/index.php?rest_route=%2Fwp%2Fv2%2Fmedia&parent=4542"}],"wp:term":[{"taxonomy":"category","embeddable":true,"href":"https:\/\/www.jeanmoulinmarmande.fr\/index.php?rest_route=%2Fwp%2Fv2%2Fcategories&post=4542"},{"taxonomy":"post_tag","embeddable":true,"href":"https:\/\/www.jeanmoulinmarmande.fr\/index.php?rest_route=%2Fwp%2Fv2%2Ftags&post=4542"}],"curies":[{"name":"wp","href":"https:\/\/api.w.org\/{rel}","templated":true}]}}