{"id":4496,"date":"2017-04-01T17:12:33","date_gmt":"2017-04-01T15:12:33","guid":{"rendered":"http:\/\/www.jeanmoulinmarmande.fr\/?p=4496"},"modified":"2017-04-01T17:12:33","modified_gmt":"2017-04-01T15:12:33","slug":"les-6e2-et-la-grande-lessive-2017","status":"publish","type":"post","link":"https:\/\/www.jeanmoulinmarmande.fr\/?p=4496","title":{"rendered":"Les 6e2 et la Grande Lessive 2017"},"content":{"rendered":"<p>Les 6<sup>e<\/sup>2 ont particip\u00e9 le 23 mars dernier \u00e0 l\u2019exposition internationale d\u2019arts plastiques La Grande Lessive et accroch\u00e9 leurs travaux place de la mairie \u00e0 Marmande avec leurs camarades de CM2 de l\u2019\u00e9cole Labrunie accompagn\u00e9s de leur professeur Mr Guyon. Le th\u00e8me cette ann\u00e9e \u00e9tait \u00ab&nbsp;Ma vie vue d\u2019ici&nbsp;\u00bb.&nbsp; Les portraits des coll\u00e9giens faisant face \u00e0 ceux des \u00e9coliers en un long accord\u00e9on,&nbsp; 6<sup>e<\/sup>&nbsp;et CM2 ont partag\u00e9 leurs points de vue sur leur lieu de vie respectifs, sur leur vision de l\u2019avenir.<\/p>\n<p>Ce rendez-vous fut encore cette ann\u00e9e un vrai moment de rencontre et une exp\u00e9rience collective artistique.<\/p>\n<p>Mme Condy<\/p>\n<p>La Grande Lessive, qu\u2019est-ce que c\u2019est&nbsp;? Cliquer ici&nbsp;<a href=\"http:\/\/www.lagrandelessive.net\/\" target=\"_blank\">http:\/\/www.lagrandelessive.net\/<\/a><\/p>\nngg_shortcode_0_placeholder\n","protected":false},"excerpt":{"rendered":"<p>Les 6e2 ont particip\u00e9 le 23 mars dernier \u00e0 l\u2019exposition internationale d\u2019arts plastiques La Grande Lessive et accroch\u00e9 leurs travaux place de la mairie \u00e0 Marmande avec leurs camarades de CM2 de l\u2019\u00e9cole Labrunie accompagn\u00e9s de leur professeur Mr Guyon. Le th\u00e8me cette ann\u00e9e \u00e9tait \u00ab&nbsp;Ma vie vue d\u2019ici&nbsp;\u00bb.&nbsp; Les portraits des coll\u00e9giens faisant face &hellip; <a href=\"https:\/\/www.jeanmoulinmarmande.fr\/?p=4496\" class=\"more-link\">Continuer la lecture de <span class=\"screen-reader-text\">Les 6e2 et la Grande Lessive 2017<\/span>  <span class=\"meta-nav\">&rarr;<\/span><\/a><\/p>\n","protected":false},"author":3,"featured_media":4541,"comment_status":"closed","ping_status":"open","sticky":false,"template":"","format":"standard","meta":{"ngg_post_thumbnail":0,"footnotes":""},"categories":[32,13],"tags":[],"class_list":["post-4496","post","type-post","status-publish","format-standard","has-post-thumbnail","hentry","category-arts-plastiques","category-pedagogie"],"_links":{"self":[{"href":"https:\/\/www.jeanmoulinmarmande.fr\/index.php?rest_route=\/wp\/v2\/posts\/4496","targetHints":{"allow":["GET"]}}],"collection":[{"href":"https:\/\/www.jeanmoulinmarmande.fr\/index.php?rest_route=\/wp\/v2\/posts"}],"about":[{"href":"https:\/\/www.jeanmoulinmarmande.fr\/index.php?rest_route=\/wp\/v2\/types\/post"}],"author":[{"embeddable":true,"href":"https:\/\/www.jeanmoulinmarmande.fr\/index.php?rest_route=\/wp\/v2\/users\/3"}],"replies":[{"embeddable":true,"href":"https:\/\/www.jeanmoulinmarmande.fr\/index.php?rest_route=%2Fwp%2Fv2%2Fcomments&post=4496"}],"version-history":[{"count":2,"href":"https:\/\/www.jeanmoulinmarmande.fr\/index.php?rest_route=\/wp\/v2\/posts\/4496\/revisions"}],"predecessor-version":[{"id":4540,"href":"https:\/\/www.jeanmoulinmarmande.fr\/index.php?rest_route=\/wp\/v2\/posts\/4496\/revisions\/4540"}],"wp:featuredmedia":[{"embeddable":true,"href":"https:\/\/www.jeanmoulinmarmande.fr\/index.php?rest_route=\/wp\/v2\/media\/4541"}],"wp:attachment":[{"href":"https:\/\/www.jeanmoulinmarmande.fr\/index.php?rest_route=%2Fwp%2Fv2%2Fmedia&parent=4496"}],"wp:term":[{"taxonomy":"category","embeddable":true,"href":"https:\/\/www.jeanmoulinmarmande.fr\/index.php?rest_route=%2Fwp%2Fv2%2Fcategories&post=4496"},{"taxonomy":"post_tag","embeddable":true,"href":"https:\/\/www.jeanmoulinmarmande.fr\/index.php?rest_route=%2Fwp%2Fv2%2Ftags&post=4496"}],"curies":[{"name":"wp","href":"https:\/\/api.w.org\/{rel}","templated":true}]}}