{"id":4290,"date":"2017-01-25T17:33:45","date_gmt":"2017-01-25T16:33:45","guid":{"rendered":"http:\/\/www.jeanmoulinmarmande.fr\/?p=4290"},"modified":"2017-01-25T17:34:51","modified_gmt":"2017-01-25T16:34:51","slug":"les-5e7-au-musee-marzelles-pour-lexposition-alban-denuit","status":"publish","type":"post","link":"https:\/\/www.jeanmoulinmarmande.fr\/?p=4290","title":{"rendered":"Les 5e7 au mus\u00e9e Marzelles pour l\u2019exposition Alban Denuit"},"content":{"rendered":"<p>Le jeudi 19 janvier, les \u00e9l\u00e8ves de 5<sup>e<\/sup>7, accompagn\u00e9s de Mr Counilh et de Mme Condy, ont b\u00e9n\u00e9fici\u00e9 d\u2019une visite-atelier au mus\u00e9e Marzelles. Y sont actuellement expos\u00e9s sur deux salles les \u0153uvres et les projets d\u2019Alban Denuit, jeune artiste bordelais originaire de Marmande d\u00e9c\u00e9d\u00e9 depuis peu.<\/p>\n<p>Conduits par les deux m\u00e9diatrices du mus\u00e9e, les \u00e9l\u00e8ves ne se sont pas laiss\u00e9 impressionn\u00e9s par ces \u0153uvres d\u2019art conceptuel et se sont montr\u00e9s tr\u00e8s curieux de la d\u00e9marche sculpturale de l\u2019artiste, des mat\u00e9riaux inhabituels et des inversions po\u00e9tiques mises en \u0153uvre&nbsp;: mur de parpaing et moulages de peinture, matelas et b\u00e9ton, papier et \u00e9crous, empreintes, mesures et rapports entre diverses dimensions norm\u00e9es. Ils ont m\u00eame pu voir et mesurer le poid de la couleur&nbsp;!<\/p>\n<p>Les \u00e9l\u00e8ves ont ensuite particip\u00e9 \u00e0 un atelier de pratique o\u00f9 il s\u2019agissait de r\u00e9aliser un projet pour modifier et perturber la norme et les codes qui r\u00e9gissent les objets courants qui&nbsp; nous entourent comme par exemple une cage de foot, un feu tricolore ou encore une sucette.<\/p>\n<p>L\u2019\u00e9tonnante exposition d\u2019Alban Denuit est visible jusqu\u2019au 4 mars. Courrez-y, l\u2019entr\u00e9e est gratuite&nbsp;!<\/p>\nngg_shortcode_0_placeholder\n","protected":false},"excerpt":{"rendered":"<p>Le jeudi 19 janvier, les \u00e9l\u00e8ves de 5e7, accompagn\u00e9s de Mr Counilh et de Mme Condy, ont b\u00e9n\u00e9fici\u00e9 d\u2019une visite-atelier au mus\u00e9e Marzelles. Y sont actuellement expos\u00e9s sur deux salles les \u0153uvres et les projets d\u2019Alban Denuit, jeune artiste bordelais originaire de Marmande d\u00e9c\u00e9d\u00e9 depuis peu. Conduits par les deux m\u00e9diatrices du mus\u00e9e, les \u00e9l\u00e8ves &hellip; <a href=\"https:\/\/www.jeanmoulinmarmande.fr\/?p=4290\" class=\"more-link\">Continuer la lecture de <span class=\"screen-reader-text\">Les 5e7 au mus\u00e9e Marzelles pour l\u2019exposition Alban Denuit<\/span>  <span class=\"meta-nav\">&rarr;<\/span><\/a><\/p>\n","protected":false},"author":3,"featured_media":4315,"comment_status":"closed","ping_status":"open","sticky":false,"template":"","format":"standard","meta":{"ngg_post_thumbnail":0,"footnotes":""},"categories":[32,13],"tags":[],"class_list":["post-4290","post","type-post","status-publish","format-standard","has-post-thumbnail","hentry","category-arts-plastiques","category-pedagogie"],"_links":{"self":[{"href":"https:\/\/www.jeanmoulinmarmande.fr\/index.php?rest_route=\/wp\/v2\/posts\/4290","targetHints":{"allow":["GET"]}}],"collection":[{"href":"https:\/\/www.jeanmoulinmarmande.fr\/index.php?rest_route=\/wp\/v2\/posts"}],"about":[{"href":"https:\/\/www.jeanmoulinmarmande.fr\/index.php?rest_route=\/wp\/v2\/types\/post"}],"author":[{"embeddable":true,"href":"https:\/\/www.jeanmoulinmarmande.fr\/index.php?rest_route=\/wp\/v2\/users\/3"}],"replies":[{"embeddable":true,"href":"https:\/\/www.jeanmoulinmarmande.fr\/index.php?rest_route=%2Fwp%2Fv2%2Fcomments&post=4290"}],"version-history":[{"count":2,"href":"https:\/\/www.jeanmoulinmarmande.fr\/index.php?rest_route=\/wp\/v2\/posts\/4290\/revisions"}],"predecessor-version":[{"id":4314,"href":"https:\/\/www.jeanmoulinmarmande.fr\/index.php?rest_route=\/wp\/v2\/posts\/4290\/revisions\/4314"}],"wp:featuredmedia":[{"embeddable":true,"href":"https:\/\/www.jeanmoulinmarmande.fr\/index.php?rest_route=\/wp\/v2\/media\/4315"}],"wp:attachment":[{"href":"https:\/\/www.jeanmoulinmarmande.fr\/index.php?rest_route=%2Fwp%2Fv2%2Fmedia&parent=4290"}],"wp:term":[{"taxonomy":"category","embeddable":true,"href":"https:\/\/www.jeanmoulinmarmande.fr\/index.php?rest_route=%2Fwp%2Fv2%2Fcategories&post=4290"},{"taxonomy":"post_tag","embeddable":true,"href":"https:\/\/www.jeanmoulinmarmande.fr\/index.php?rest_route=%2Fwp%2Fv2%2Ftags&post=4290"}],"curies":[{"name":"wp","href":"https:\/\/api.w.org\/{rel}","templated":true}]}}