{"id":4272,"date":"2017-01-16T15:30:33","date_gmt":"2017-01-16T14:30:33","guid":{"rendered":"http:\/\/www.jeanmoulinmarmande.fr\/?p=4272"},"modified":"2017-01-16T15:30:33","modified_gmt":"2017-01-16T14:30:33","slug":"restos-du-coeur","status":"publish","type":"post","link":"https:\/\/www.jeanmoulinmarmande.fr\/?p=4272","title":{"rendered":"Restos du Coeur"},"content":{"rendered":"<p>Des \u00e9l\u00e8ves du coll\u00e8ge Jean Moulin de MARMANDE ont rencontr\u00e9 des b\u00e9n\u00e9voles des Restos du c\u0153ur le mardi 29 novembre 2016. Ils avaient pr\u00e9par\u00e9 de nombreuses questions sur la cr\u00e9ation et l\u2019organisation de cette association.<br \/>\nIls faisaient partie de l\u2019Atelier Jean Moulin qui s\u2019adresse depuis cette ann\u00e9e, \u00e0 des \u00e9l\u00e8ves du coll\u00e8ge de la 5\u00b0 \u00e0 la 3\u00b0 en risque de d\u00e9crochage scolaire.<br \/>\nCet atelier leur permet entre autres, de travailler pendant six semaines sur un projet concret.<br \/>\nPour cette premi\u00e8re session, l\u2019\u00e9quipe p\u00e9dagogique a propos\u00e9 une r\u00e9colte alimentaire au sein du coll\u00e8ge. Elle a eu lieu du 5 au 7 d\u00e9cembre 2016. Les \u00e9l\u00e8ves ont travaill\u00e9 sur la campagne publicitaire et la cr\u00e9ation d\u2019une affiche avec leur professeur d\u2019arts plastiques. Ils ont interview\u00e9 le cuisinier et la secr\u00e9taire de gestion pour mieux comprendre les enjeux et le co\u00fbt  d\u2019une alimentation \u00e9quilibr\u00e9e.<br \/>\nLe mardi 13 d\u00e9cembre 2016, ils ont fait don de leur r\u00e9colte aux Restos du c\u0153ur dont la collecte nationale se d\u00e9roulera les 10 et 11 mars prochains.<br \/>\n<iframe loading=\"lazy\" width=\"560\" height=\"315\" src=\"https:\/\/www.youtube.com\/embed\/MUBqPESowSQ?rel=0\" frameborder=\"0\" allowfullscreen><\/iframe><\/p>\n","protected":false},"excerpt":{"rendered":"<p>Des \u00e9l\u00e8ves du coll\u00e8ge Jean Moulin de MARMANDE ont rencontr\u00e9 des b\u00e9n\u00e9voles des Restos du c\u0153ur le mardi 29 novembre 2016. Ils avaient pr\u00e9par\u00e9 de nombreuses questions sur la cr\u00e9ation et l\u2019organisation de cette association. Ils faisaient partie de l\u2019Atelier Jean Moulin qui s\u2019adresse depuis cette ann\u00e9e, \u00e0 des \u00e9l\u00e8ves du coll\u00e8ge de la 5\u00b0 &hellip; <a href=\"https:\/\/www.jeanmoulinmarmande.fr\/?p=4272\" class=\"more-link\">Continuer la lecture de <span class=\"screen-reader-text\">Restos du Coeur<\/span>  <span class=\"meta-nav\">&rarr;<\/span><\/a><\/p>\n","protected":false},"author":3,"featured_media":4274,"comment_status":"closed","ping_status":"open","sticky":false,"template":"","format":"standard","meta":{"ngg_post_thumbnail":0,"footnotes":""},"categories":[62],"tags":[],"class_list":["post-4272","post","type-post","status-publish","format-standard","has-post-thumbnail","hentry","category-info-generales"],"_links":{"self":[{"href":"https:\/\/www.jeanmoulinmarmande.fr\/index.php?rest_route=\/wp\/v2\/posts\/4272","targetHints":{"allow":["GET"]}}],"collection":[{"href":"https:\/\/www.jeanmoulinmarmande.fr\/index.php?rest_route=\/wp\/v2\/posts"}],"about":[{"href":"https:\/\/www.jeanmoulinmarmande.fr\/index.php?rest_route=\/wp\/v2\/types\/post"}],"author":[{"embeddable":true,"href":"https:\/\/www.jeanmoulinmarmande.fr\/index.php?rest_route=\/wp\/v2\/users\/3"}],"replies":[{"embeddable":true,"href":"https:\/\/www.jeanmoulinmarmande.fr\/index.php?rest_route=%2Fwp%2Fv2%2Fcomments&post=4272"}],"version-history":[{"count":2,"href":"https:\/\/www.jeanmoulinmarmande.fr\/index.php?rest_route=\/wp\/v2\/posts\/4272\/revisions"}],"predecessor-version":[{"id":4275,"href":"https:\/\/www.jeanmoulinmarmande.fr\/index.php?rest_route=\/wp\/v2\/posts\/4272\/revisions\/4275"}],"wp:featuredmedia":[{"embeddable":true,"href":"https:\/\/www.jeanmoulinmarmande.fr\/index.php?rest_route=\/wp\/v2\/media\/4274"}],"wp:attachment":[{"href":"https:\/\/www.jeanmoulinmarmande.fr\/index.php?rest_route=%2Fwp%2Fv2%2Fmedia&parent=4272"}],"wp:term":[{"taxonomy":"category","embeddable":true,"href":"https:\/\/www.jeanmoulinmarmande.fr\/index.php?rest_route=%2Fwp%2Fv2%2Fcategories&post=4272"},{"taxonomy":"post_tag","embeddable":true,"href":"https:\/\/www.jeanmoulinmarmande.fr\/index.php?rest_route=%2Fwp%2Fv2%2Ftags&post=4272"}],"curies":[{"name":"wp","href":"https:\/\/api.w.org\/{rel}","templated":true}]}}