{"id":3928,"date":"2017-01-09T18:36:07","date_gmt":"2017-01-09T17:36:07","guid":{"rendered":"http:\/\/www.jeanmoulinmarmande.fr\/?p=3928"},"modified":"2017-01-09T18:36:07","modified_gmt":"2017-01-09T17:36:07","slug":"lundi-apres-midi-tous-au-ski","status":"publish","type":"post","link":"https:\/\/www.jeanmoulinmarmande.fr\/?p=3928","title":{"rendered":"Lundi apr\u00e8s-midi tous au ski"},"content":{"rendered":"<p>Apr\u00e8s le pique-nique de midi, nous avons r\u00e9cup\u00e9r\u00e9 le mat\u00e9riel de ski, equip\u00e9 tout le monde et direction les pistes. La quantit\u00e9 de neige est suffisante pour la pratique du ski pour les confirm\u00e9s des pistes vertes, bleues et rouges.<\/p>\n<p>Les d\u00e9butants quant \u00e0 eux ont chauss\u00e9, gliss\u00e9 et chut\u00e9 de bon coeur.<\/p>\n<p>Le go\u00fbter fut le bienvenu \u00e0 16h.30, puis retour en chambre pour pr\u00e9parer les lits, ranger les affaires et se doucher. Apr\u00e8s le repas, une petite d\u00e9tente est pr\u00e9vue puis dodo \u00e0 9H<\/p>\nngg_shortcode_0_placeholder\n<p>&nbsp;<iframe loading=\"lazy\" width=\"560\" height=\"315\" src=\"https:\/\/www.youtube.com\/embed\/ipSAxy_MFZM?rel=0\" frameborder=\"0\" allowfullscreen><\/iframe><\/p>\n<p>&nbsp;<iframe loading=\"lazy\" width=\"560\" height=\"315\" src=\"https:\/\/www.youtube.com\/embed\/lOiRGcwRA40?rel=0\" frameborder=\"0\" allowfullscreen><\/iframe><\/p>\n<p><iframe loading=\"lazy\" width=\"560\" height=\"315\" src=\"https:\/\/www.youtube.com\/embed\/UE5RzcNeOSs?rel=0\" frameborder=\"0\" allowfullscreen><\/iframe><\/p>\n<p><iframe loading=\"lazy\" width=\"560\" height=\"315\" src=\"https:\/\/www.youtube.com\/embed\/SvXd2fcCouc?rel=0\" frameborder=\"0\" allowfullscreen><\/iframe><\/p>\n","protected":false},"excerpt":{"rendered":"<p>Apr\u00e8s le pique-nique de midi, nous avons r\u00e9cup\u00e9r\u00e9 le mat\u00e9riel de ski, equip\u00e9 tout le monde et direction les pistes. La quantit\u00e9 de neige est suffisante pour la pratique du ski pour les confirm\u00e9s des pistes vertes, bleues et rouges. Les d\u00e9butants quant \u00e0 eux ont chauss\u00e9, gliss\u00e9 et chut\u00e9 de bon coeur. Le go\u00fbter &hellip; <a href=\"https:\/\/www.jeanmoulinmarmande.fr\/?p=3928\" class=\"more-link\">Continuer la lecture de <span class=\"screen-reader-text\">Lundi apr\u00e8s-midi tous au ski<\/span>  <span class=\"meta-nav\">&rarr;<\/span><\/a><\/p>\n","protected":false},"author":3,"featured_media":3930,"comment_status":"open","ping_status":"closed","sticky":false,"template":"","format":"standard","meta":{"ngg_post_thumbnail":0,"footnotes":""},"categories":[3,70],"tags":[],"class_list":["post-3928","post","type-post","status-publish","format-standard","has-post-thumbnail","hentry","category-activites","category-sejour-au-ski"],"_links":{"self":[{"href":"https:\/\/www.jeanmoulinmarmande.fr\/index.php?rest_route=\/wp\/v2\/posts\/3928","targetHints":{"allow":["GET"]}}],"collection":[{"href":"https:\/\/www.jeanmoulinmarmande.fr\/index.php?rest_route=\/wp\/v2\/posts"}],"about":[{"href":"https:\/\/www.jeanmoulinmarmande.fr\/index.php?rest_route=\/wp\/v2\/types\/post"}],"author":[{"embeddable":true,"href":"https:\/\/www.jeanmoulinmarmande.fr\/index.php?rest_route=\/wp\/v2\/users\/3"}],"replies":[{"embeddable":true,"href":"https:\/\/www.jeanmoulinmarmande.fr\/index.php?rest_route=%2Fwp%2Fv2%2Fcomments&post=3928"}],"version-history":[{"count":1,"href":"https:\/\/www.jeanmoulinmarmande.fr\/index.php?rest_route=\/wp\/v2\/posts\/3928\/revisions"}],"predecessor-version":[{"id":3929,"href":"https:\/\/www.jeanmoulinmarmande.fr\/index.php?rest_route=\/wp\/v2\/posts\/3928\/revisions\/3929"}],"wp:featuredmedia":[{"embeddable":true,"href":"https:\/\/www.jeanmoulinmarmande.fr\/index.php?rest_route=\/wp\/v2\/media\/3930"}],"wp:attachment":[{"href":"https:\/\/www.jeanmoulinmarmande.fr\/index.php?rest_route=%2Fwp%2Fv2%2Fmedia&parent=3928"}],"wp:term":[{"taxonomy":"category","embeddable":true,"href":"https:\/\/www.jeanmoulinmarmande.fr\/index.php?rest_route=%2Fwp%2Fv2%2Fcategories&post=3928"},{"taxonomy":"post_tag","embeddable":true,"href":"https:\/\/www.jeanmoulinmarmande.fr\/index.php?rest_route=%2Fwp%2Fv2%2Ftags&post=3928"}],"curies":[{"name":"wp","href":"https:\/\/api.w.org\/{rel}","templated":true}]}}