{"id":3765,"date":"2016-12-02T18:32:26","date_gmt":"2016-12-02T17:32:26","guid":{"rendered":"http:\/\/www.jeanmoulinmarmande.fr\/?p=3765"},"modified":"2016-12-02T18:36:50","modified_gmt":"2016-12-02T17:36:50","slug":"collecte-alimentaire","status":"publish","type":"post","link":"https:\/\/www.jeanmoulinmarmande.fr\/?p=3765","title":{"rendered":"Collecte alimentaire"},"content":{"rendered":"<p>Une collecte alimentaire sera effectu\u00e9e au coll\u00e8ge du lundi 5 au mercredi 7 d\u00e9cembre.<br \/>\n<img loading=\"lazy\" decoding=\"async\" class=\"alignleft wp-image-3764 size-medium\" src=\"http:\/\/www.jeanmoulinmarmande.fr\/wp-content\/uploads\/2016\/12\/collecte-203x300.jpg\" alt=\"collecte\" height=\"300\" width=\"203\" srcset=\"https:\/\/www.jeanmoulinmarmande.fr\/wp-content\/uploads\/2016\/12\/collecte-203x300.jpg 203w, https:\/\/www.jeanmoulinmarmande.fr\/wp-content\/uploads\/2016\/12\/collecte-102x150.jpg 102w, https:\/\/www.jeanmoulinmarmande.fr\/wp-content\/uploads\/2016\/12\/collecte.jpg 600w\" sizes=\"auto, (max-width: 203px) 100vw, 203px\" \/><\/p>\n","protected":false},"excerpt":{"rendered":"<p>Une collecte alimentaire sera effectu\u00e9e au coll\u00e8ge du lundi 5 au mercredi 7 d\u00e9cembre.<\/p>\n","protected":false},"author":3,"featured_media":0,"comment_status":"closed","ping_status":"open","sticky":false,"template":"","format":"standard","meta":{"ngg_post_thumbnail":0,"footnotes":""},"categories":[62],"tags":[87,93,86,83],"class_list":["post-3765","post","type-post","status-publish","format-standard","hentry","category-info-generales","tag-info-professeurs","tag-infos-eleves","tag-infos-parents","tag-solidarite"],"_links":{"self":[{"href":"https:\/\/www.jeanmoulinmarmande.fr\/index.php?rest_route=\/wp\/v2\/posts\/3765","targetHints":{"allow":["GET"]}}],"collection":[{"href":"https:\/\/www.jeanmoulinmarmande.fr\/index.php?rest_route=\/wp\/v2\/posts"}],"about":[{"href":"https:\/\/www.jeanmoulinmarmande.fr\/index.php?rest_route=\/wp\/v2\/types\/post"}],"author":[{"embeddable":true,"href":"https:\/\/www.jeanmoulinmarmande.fr\/index.php?rest_route=\/wp\/v2\/users\/3"}],"replies":[{"embeddable":true,"href":"https:\/\/www.jeanmoulinmarmande.fr\/index.php?rest_route=%2Fwp%2Fv2%2Fcomments&post=3765"}],"version-history":[{"count":4,"href":"https:\/\/www.jeanmoulinmarmande.fr\/index.php?rest_route=\/wp\/v2\/posts\/3765\/revisions"}],"predecessor-version":[{"id":3769,"href":"https:\/\/www.jeanmoulinmarmande.fr\/index.php?rest_route=\/wp\/v2\/posts\/3765\/revisions\/3769"}],"wp:attachment":[{"href":"https:\/\/www.jeanmoulinmarmande.fr\/index.php?rest_route=%2Fwp%2Fv2%2Fmedia&parent=3765"}],"wp:term":[{"taxonomy":"category","embeddable":true,"href":"https:\/\/www.jeanmoulinmarmande.fr\/index.php?rest_route=%2Fwp%2Fv2%2Fcategories&post=3765"},{"taxonomy":"post_tag","embeddable":true,"href":"https:\/\/www.jeanmoulinmarmande.fr\/index.php?rest_route=%2Fwp%2Fv2%2Ftags&post=3765"}],"curies":[{"name":"wp","href":"https:\/\/api.w.org\/{rel}","templated":true}]}}