{"id":3423,"date":"2016-10-11T17:13:03","date_gmt":"2016-10-11T15:13:03","guid":{"rendered":"http:\/\/www.jeanmoulinmarmande.fr\/?p=3423"},"modified":"2016-10-11T17:13:03","modified_gmt":"2016-10-11T15:13:03","slug":"jeunes-en-librairie-au-college","status":"publish","type":"post","link":"https:\/\/www.jeanmoulinmarmande.fr\/?p=3423","title":{"rendered":"\u00ab Jeunes en librairie \u00bb au coll\u00e8ge"},"content":{"rendered":"<p>Cette ann\u00e9e, toutes les classes de 4<sup>\u00e8me<\/sup> participent \u00e0 l\u2019op\u00e9ration \u00ab\u00a0Jeunes en librairie\u00a0\u00bb, financ\u00e9e par le Conseil d\u00e9partemental, l\u2019association des librairies atlantiques \u00a0et le coll\u00e8ge,\u00a0pour la d\u00e9fense de la librairie ind\u00e9pendante. Le coll\u00e8ge Jean Moulin travaille avec la librairie marmandaise\u00a0<em><i>Le gang de la clef \u00e0 molette. <\/i><\/em>Les \u00e9l\u00e8ves de 4e iront dans quelques mois acheter un livre de leur choix en librairie<em><i>.\u00a0<\/i><\/em>Afin de pr\u00e9parer au mieux ce moment, le libraire Xavier Delhert est venu au coll\u00e8ge \u00a0la semaine derni\u00e8re pour rencontrer deux classes. Il a propos\u00e9 une s\u00e9ance p\u00e9dagogique qui pr\u00e9sente notamment la cha\u00eene du livre. Le professeur documentaliste Mme Patenotte et les professeurs de fran\u00e7ais Mme Delattre, Mme Lestang et Mme Clotis s&rsquo;impliquent dans ce projet aux c\u00f4t\u00e9s de leurs \u00e9l\u00e8ves afin de leur permettre de se constituer une biblioth\u00e8que personnelle.<\/p>\n<p>\n<div class=\"ngg-galleryoverview\" id=\"ngg-gallery-0d3caaff66521159a06e012cbd6f36f5-3423\">\n\n\t\t\t<!-- Slideshow link -->\n\t<div class=\"slideshowlink\">\n\t\t<a class=\"slideshowlink\" href=\"https:\/\/www.jeanmoulinmarmande.fr\/index.php\/nggallery\/slideshow?p=3423\">\n\t\t\t[Montrer sous forme de diaporama]\t\t<\/a>\n\t<\/div>\n\n\t<!-- Thumbnails -->\n\t\t\t\t\n\t<div id=\"ngg-image-1706\" class=\"ngg-gallery-thumbnail-box\"  >\n\t\t<div class=\"ngg-gallery-thumbnail\" >\n\t\t\t<a href=\"https:\/\/www.jeanmoulinmarmande.fr\/wp-content\/gallery\/cdi1\/3.jpg\"\n\t\t\t\ttitle=\" \"\n\t\t\t\tclass=\"ngg-fancybox\" rel=\"0d3caaff66521159a06e012cbd6f36f5\" data-image-id=\"1706\" data-src=\"https:\/\/www.jeanmoulinmarmande.fr\/wp-content\/gallery\/cdi1\/3.jpg\" data-thumbnail=\"https:\/\/www.jeanmoulinmarmande.fr\/wp-content\/gallery\/cdi1\/thumbs\/thumbs_3.jpg\" data-title=\"3\" data-description=\" \" >\n\t\t\t\t\t\t\t\t<img title=\"3\" alt=\"3\" src=\"https:\/\/www.jeanmoulinmarmande.fr\/wp-content\/gallery\/cdi1\/thumbs\/thumbs_3.jpg\" width='120' height='90' \/>\n\t\t\t\t\t\t\t<\/a>\n\t\t<\/div>\n\t<\/div>\n\n\t\t\t\t\t\t\t\t\t\n\t\n\t<div id=\"ngg-image-1707\" class=\"ngg-gallery-thumbnail-box\"  >\n\t\t<div class=\"ngg-gallery-thumbnail\" >\n\t\t\t<a href=\"https:\/\/www.jeanmoulinmarmande.fr\/wp-content\/gallery\/cdi1\/cha%C3%AEne-du-livre.jpg\"\n\t\t\t\ttitle=\" \"\n\t\t\t\tclass=\"ngg-fancybox\" rel=\"0d3caaff66521159a06e012cbd6f36f5\" data-image-id=\"1707\" data-src=\"https:\/\/www.jeanmoulinmarmande.fr\/wp-content\/gallery\/cdi1\/cha%C3%AEne-du-livre.jpg\" data-thumbnail=\"https:\/\/www.jeanmoulinmarmande.fr\/wp-content\/gallery\/cdi1\/thumbs\/thumbs_cha%C3%AEne-du-livre.jpg\" data-title=\"cha\u00eene du livre\" data-description=\" \" >\n\t\t\t\t\t\t\t\t<img title=\"cha\u00eene du livre\" alt=\"cha\u00eene du livre\" src=\"https:\/\/www.jeanmoulinmarmande.fr\/wp-content\/gallery\/cdi1\/thumbs\/thumbs_cha%C3%AEne-du-livre.jpg\" width='120' height='90' \/>\n\t\t\t\t\t\t\t<\/a>\n\t\t<\/div>\n\t<\/div>\n\n\t\t\t\t\t\t\t\t\t\n\t\n\t<!-- Pagination -->\n\t\t<div class='ngg-clear'><\/div>\n<\/div>\n\n\t<\/p>\n<p>&nbsp;<\/p>\n","protected":false},"excerpt":{"rendered":"<p>Cette ann\u00e9e, toutes les classes de 4\u00e8me participent \u00e0 l\u2019op\u00e9ration \u00ab\u00a0Jeunes en librairie\u00a0\u00bb, financ\u00e9e par le Conseil d\u00e9partemental, l\u2019association des librairies atlantiques \u00a0et le coll\u00e8ge,\u00a0pour la d\u00e9fense de la librairie ind\u00e9pendante. Le coll\u00e8ge Jean Moulin travaille avec la librairie marmandaise\u00a0Le gang de la clef \u00e0 molette. Les \u00e9l\u00e8ves de 4e iront dans quelques mois acheter &hellip; <a href=\"https:\/\/www.jeanmoulinmarmande.fr\/?p=3423\" class=\"more-link\">Continuer la lecture de <span class=\"screen-reader-text\">\u00ab Jeunes en librairie \u00bb au coll\u00e8ge<\/span>  <span class=\"meta-nav\">&rarr;<\/span><\/a><\/p>\n","protected":false},"author":3,"featured_media":3432,"comment_status":"closed","ping_status":"open","sticky":false,"template":"","format":"standard","meta":{"ngg_post_thumbnail":0,"footnotes":""},"categories":[3],"tags":[],"class_list":["post-3423","post","type-post","status-publish","format-standard","has-post-thumbnail","hentry","category-activites"],"_links":{"self":[{"href":"https:\/\/www.jeanmoulinmarmande.fr\/index.php?rest_route=\/wp\/v2\/posts\/3423","targetHints":{"allow":["GET"]}}],"collection":[{"href":"https:\/\/www.jeanmoulinmarmande.fr\/index.php?rest_route=\/wp\/v2\/posts"}],"about":[{"href":"https:\/\/www.jeanmoulinmarmande.fr\/index.php?rest_route=\/wp\/v2\/types\/post"}],"author":[{"embeddable":true,"href":"https:\/\/www.jeanmoulinmarmande.fr\/index.php?rest_route=\/wp\/v2\/users\/3"}],"replies":[{"embeddable":true,"href":"https:\/\/www.jeanmoulinmarmande.fr\/index.php?rest_route=%2Fwp%2Fv2%2Fcomments&post=3423"}],"version-history":[{"count":2,"href":"https:\/\/www.jeanmoulinmarmande.fr\/index.php?rest_route=\/wp\/v2\/posts\/3423\/revisions"}],"predecessor-version":[{"id":3433,"href":"https:\/\/www.jeanmoulinmarmande.fr\/index.php?rest_route=\/wp\/v2\/posts\/3423\/revisions\/3433"}],"wp:featuredmedia":[{"embeddable":true,"href":"https:\/\/www.jeanmoulinmarmande.fr\/index.php?rest_route=\/wp\/v2\/media\/3432"}],"wp:attachment":[{"href":"https:\/\/www.jeanmoulinmarmande.fr\/index.php?rest_route=%2Fwp%2Fv2%2Fmedia&parent=3423"}],"wp:term":[{"taxonomy":"category","embeddable":true,"href":"https:\/\/www.jeanmoulinmarmande.fr\/index.php?rest_route=%2Fwp%2Fv2%2Fcategories&post=3423"},{"taxonomy":"post_tag","embeddable":true,"href":"https:\/\/www.jeanmoulinmarmande.fr\/index.php?rest_route=%2Fwp%2Fv2%2Ftags&post=3423"}],"curies":[{"name":"wp","href":"https:\/\/api.w.org\/{rel}","templated":true}]}}