{"id":3091,"date":"2016-06-07T07:23:20","date_gmt":"2016-06-07T05:23:20","guid":{"rendered":"http:\/\/www.jeanmoulinmarmande.fr\/?p=3091"},"modified":"2016-06-07T07:23:20","modified_gmt":"2016-06-07T05:23:20","slug":"atelier-theatre-musique-derniers-jours-de-repetitions","status":"publish","type":"post","link":"https:\/\/www.jeanmoulinmarmande.fr\/?p=3091","title":{"rendered":"Atelier th\u00e9\u00e2tre-musique Derniers jours de r\u00e9p\u00e9titions"},"content":{"rendered":"<p>Premier jour de r\u00e9p\u00e9tition pour les \u00e9l\u00e8ves de l\u2019Atelier qui vont vivre, \u00e0 partir d\u2019aujourd\u2019hui, leurs derniers moments de travail. Une semaine intense de travail s\u2019annonce jusqu\u2019\u00e0 vendredi o\u00f9 une pr\u00e9sentation publique sera propos\u00e9e \u00e0 20h30, au Petit Th\u00e9\u00e2tre.<\/p>\n<p>\n<div class=\"ngg-galleryoverview ngg-slideshow\"\n\tid=\"ngg-slideshow-c11b51cf73bcb3fec142f42a87908aa7-18958685440\"\n\tdata-gallery-id=\"c11b51cf73bcb3fec142f42a87908aa7\"\n\tstyle=\"max-width: 600px;\n\t\t\tmax-height: 400px;\n\t\t\tdisplay: none;\">\n\n\t\n\t\t<a href=\"https:\/\/www.jeanmoulinmarmande.fr\/wp-content\/gallery\/reptheatre\/sEMAINE-R2SIDENCE-06-JUIN-2016-002.jpg\"\n\t\t\ttitle=\"\"\n\t\t\tdata-src=\"https:\/\/www.jeanmoulinmarmande.fr\/wp-content\/gallery\/reptheatre\/sEMAINE-R2SIDENCE-06-JUIN-2016-002.jpg\"\n\t\t\tdata-thumbnail=\"https:\/\/www.jeanmoulinmarmande.fr\/wp-content\/gallery\/reptheatre\/thumbs\/thumbs_sEMAINE-R2SIDENCE-06-JUIN-2016-002.jpg\"\n\t\t\tdata-image-id=\"1623\"\n\t\t\tdata-title=\"sEMAINE R2SIDENCE 06 JUIN 2016 002\"\n\t\t\tdata-description=\"\"\n\t\t\tclass=\"ngg-fancybox\" rel=\"c11b51cf73bcb3fec142f42a87908aa7\">\n\n\t\t\t<img data-image-id='1623'\n\t\t\t\ttitle=\"\"\n\t\t\t\talt=\"sEMAINE R2SIDENCE 06 JUIN 2016 002\"\n\t\t\t\tsrc=\"https:\/\/www.jeanmoulinmarmande.fr\/wp-content\/gallery\/reptheatre\/sEMAINE-R2SIDENCE-06-JUIN-2016-002.jpg\"\n\t\t\t\tstyle=\"max-height: 380px;\"\/>\n\t\t<\/a>\n\n\t\t\n\t\t<a href=\"https:\/\/www.jeanmoulinmarmande.fr\/wp-content\/gallery\/reptheatre\/sEMAINE-R2SIDENCE-06-JUIN-2016-004.jpg\"\n\t\t\ttitle=\"\"\n\t\t\tdata-src=\"https:\/\/www.jeanmoulinmarmande.fr\/wp-content\/gallery\/reptheatre\/sEMAINE-R2SIDENCE-06-JUIN-2016-004.jpg\"\n\t\t\tdata-thumbnail=\"https:\/\/www.jeanmoulinmarmande.fr\/wp-content\/gallery\/reptheatre\/thumbs\/thumbs_sEMAINE-R2SIDENCE-06-JUIN-2016-004.jpg\"\n\t\t\tdata-image-id=\"1624\"\n\t\t\tdata-title=\"sEMAINE R2SIDENCE 06 JUIN 2016 004\"\n\t\t\tdata-description=\"\"\n\t\t\tclass=\"ngg-fancybox\" rel=\"c11b51cf73bcb3fec142f42a87908aa7\">\n\n\t\t\t<img data-image-id='1624'\n\t\t\t\ttitle=\"\"\n\t\t\t\talt=\"sEMAINE R2SIDENCE 06 JUIN 2016 004\"\n\t\t\t\tsrc=\"https:\/\/www.jeanmoulinmarmande.fr\/wp-content\/gallery\/reptheatre\/sEMAINE-R2SIDENCE-06-JUIN-2016-004.jpg\"\n\t\t\t\tstyle=\"max-height: 380px;\"\/>\n\t\t<\/a>\n\n\t\t\n\t\t<a href=\"https:\/\/www.jeanmoulinmarmande.fr\/wp-content\/gallery\/reptheatre\/sEMAINE-R2SIDENCE-06-JUIN-2016-005.jpg\"\n\t\t\ttitle=\"\"\n\t\t\tdata-src=\"https:\/\/www.jeanmoulinmarmande.fr\/wp-content\/gallery\/reptheatre\/sEMAINE-R2SIDENCE-06-JUIN-2016-005.jpg\"\n\t\t\tdata-thumbnail=\"https:\/\/www.jeanmoulinmarmande.fr\/wp-content\/gallery\/reptheatre\/thumbs\/thumbs_sEMAINE-R2SIDENCE-06-JUIN-2016-005.jpg\"\n\t\t\tdata-image-id=\"1625\"\n\t\t\tdata-title=\"sEMAINE R2SIDENCE 06 JUIN 2016 005\"\n\t\t\tdata-description=\"\"\n\t\t\tclass=\"ngg-fancybox\" rel=\"c11b51cf73bcb3fec142f42a87908aa7\">\n\n\t\t\t<img data-image-id='1625'\n\t\t\t\ttitle=\"\"\n\t\t\t\talt=\"sEMAINE R2SIDENCE 06 JUIN 2016 005\"\n\t\t\t\tsrc=\"https:\/\/www.jeanmoulinmarmande.fr\/wp-content\/gallery\/reptheatre\/sEMAINE-R2SIDENCE-06-JUIN-2016-005.jpg\"\n\t\t\t\tstyle=\"max-height: 380px;\"\/>\n\t\t<\/a>\n\n\t\t\n\t\t<a href=\"https:\/\/www.jeanmoulinmarmande.fr\/wp-content\/gallery\/reptheatre\/sEMAINE-R2SIDENCE-06-JUIN-2016-009.jpg\"\n\t\t\ttitle=\"\"\n\t\t\tdata-src=\"https:\/\/www.jeanmoulinmarmande.fr\/wp-content\/gallery\/reptheatre\/sEMAINE-R2SIDENCE-06-JUIN-2016-009.jpg\"\n\t\t\tdata-thumbnail=\"https:\/\/www.jeanmoulinmarmande.fr\/wp-content\/gallery\/reptheatre\/thumbs\/thumbs_sEMAINE-R2SIDENCE-06-JUIN-2016-009.jpg\"\n\t\t\tdata-image-id=\"1626\"\n\t\t\tdata-title=\"sEMAINE R2SIDENCE 06 JUIN 2016 009\"\n\t\t\tdata-description=\"\"\n\t\t\tclass=\"ngg-fancybox\" rel=\"c11b51cf73bcb3fec142f42a87908aa7\">\n\n\t\t\t<img data-image-id='1626'\n\t\t\t\ttitle=\"\"\n\t\t\t\talt=\"sEMAINE R2SIDENCE 06 JUIN 2016 009\"\n\t\t\t\tsrc=\"https:\/\/www.jeanmoulinmarmande.fr\/wp-content\/gallery\/reptheatre\/sEMAINE-R2SIDENCE-06-JUIN-2016-009.jpg\"\n\t\t\t\tstyle=\"max-height: 380px;\"\/>\n\t\t<\/a>\n\n\t\t\n\t\t<a href=\"https:\/\/www.jeanmoulinmarmande.fr\/wp-content\/gallery\/reptheatre\/sEMAINE-R2SIDENCE-06-JUIN-2016-010.jpg\"\n\t\t\ttitle=\"\"\n\t\t\tdata-src=\"https:\/\/www.jeanmoulinmarmande.fr\/wp-content\/gallery\/reptheatre\/sEMAINE-R2SIDENCE-06-JUIN-2016-010.jpg\"\n\t\t\tdata-thumbnail=\"https:\/\/www.jeanmoulinmarmande.fr\/wp-content\/gallery\/reptheatre\/thumbs\/thumbs_sEMAINE-R2SIDENCE-06-JUIN-2016-010.jpg\"\n\t\t\tdata-image-id=\"1627\"\n\t\t\tdata-title=\"sEMAINE R2SIDENCE 06 JUIN 2016 010\"\n\t\t\tdata-description=\"\"\n\t\t\tclass=\"ngg-fancybox\" rel=\"c11b51cf73bcb3fec142f42a87908aa7\">\n\n\t\t\t<img data-image-id='1627'\n\t\t\t\ttitle=\"\"\n\t\t\t\talt=\"sEMAINE R2SIDENCE 06 JUIN 2016 010\"\n\t\t\t\tsrc=\"https:\/\/www.jeanmoulinmarmande.fr\/wp-content\/gallery\/reptheatre\/sEMAINE-R2SIDENCE-06-JUIN-2016-010.jpg\"\n\t\t\t\tstyle=\"max-height: 380px;\"\/>\n\t\t<\/a>\n\n\t\t\n\t\t<a href=\"https:\/\/www.jeanmoulinmarmande.fr\/wp-content\/gallery\/reptheatre\/sEMAINE-R2SIDENCE-06-JUIN-2016-011.jpg\"\n\t\t\ttitle=\"\"\n\t\t\tdata-src=\"https:\/\/www.jeanmoulinmarmande.fr\/wp-content\/gallery\/reptheatre\/sEMAINE-R2SIDENCE-06-JUIN-2016-011.jpg\"\n\t\t\tdata-thumbnail=\"https:\/\/www.jeanmoulinmarmande.fr\/wp-content\/gallery\/reptheatre\/thumbs\/thumbs_sEMAINE-R2SIDENCE-06-JUIN-2016-011.jpg\"\n\t\t\tdata-image-id=\"1628\"\n\t\t\tdata-title=\"sEMAINE R2SIDENCE 06 JUIN 2016 011\"\n\t\t\tdata-description=\"\"\n\t\t\tclass=\"ngg-fancybox\" rel=\"c11b51cf73bcb3fec142f42a87908aa7\">\n\n\t\t\t<img data-image-id='1628'\n\t\t\t\ttitle=\"\"\n\t\t\t\talt=\"sEMAINE R2SIDENCE 06 JUIN 2016 011\"\n\t\t\t\tsrc=\"https:\/\/www.jeanmoulinmarmande.fr\/wp-content\/gallery\/reptheatre\/sEMAINE-R2SIDENCE-06-JUIN-2016-011.jpg\"\n\t\t\t\tstyle=\"max-height: 380px;\"\/>\n\t\t<\/a>\n\n\t\t<\/div>\n\n\t\t<!-- Thumbnails Link -->\n\t<div class=\"slideshowlink\" style=\"max-width: 600px;\">\n\t\t<a href='https:\/\/www.jeanmoulinmarmande.fr\/index.php\/nggallery\/thumbnails?p=3091'>[Montrer sous forme de vignettes]<\/a>\n\t<\/div>\n\n<\/p>\n","protected":false},"excerpt":{"rendered":"<p>Premier jour de r\u00e9p\u00e9tition pour les \u00e9l\u00e8ves de l\u2019Atelier qui vont vivre, \u00e0 partir d\u2019aujourd\u2019hui, leurs derniers moments de travail. Une semaine intense de travail s\u2019annonce jusqu\u2019\u00e0 vendredi o\u00f9 une pr\u00e9sentation publique sera propos\u00e9e \u00e0 20h30, au Petit Th\u00e9\u00e2tre. [Montrer sous forme de vignettes]<\/p>\n","protected":false},"author":3,"featured_media":3108,"comment_status":"closed","ping_status":"open","sticky":false,"template":"","format":"standard","meta":{"ngg_post_thumbnail":0,"footnotes":""},"categories":[3,5],"tags":[],"class_list":["post-3091","post","type-post","status-publish","format-standard","has-post-thumbnail","hentry","category-activites","category-atelier-theatre-musique"],"_links":{"self":[{"href":"https:\/\/www.jeanmoulinmarmande.fr\/index.php?rest_route=\/wp\/v2\/posts\/3091","targetHints":{"allow":["GET"]}}],"collection":[{"href":"https:\/\/www.jeanmoulinmarmande.fr\/index.php?rest_route=\/wp\/v2\/posts"}],"about":[{"href":"https:\/\/www.jeanmoulinmarmande.fr\/index.php?rest_route=\/wp\/v2\/types\/post"}],"author":[{"embeddable":true,"href":"https:\/\/www.jeanmoulinmarmande.fr\/index.php?rest_route=\/wp\/v2\/users\/3"}],"replies":[{"embeddable":true,"href":"https:\/\/www.jeanmoulinmarmande.fr\/index.php?rest_route=%2Fwp%2Fv2%2Fcomments&post=3091"}],"version-history":[{"count":2,"href":"https:\/\/www.jeanmoulinmarmande.fr\/index.php?rest_route=\/wp\/v2\/posts\/3091\/revisions"}],"predecessor-version":[{"id":3109,"href":"https:\/\/www.jeanmoulinmarmande.fr\/index.php?rest_route=\/wp\/v2\/posts\/3091\/revisions\/3109"}],"wp:featuredmedia":[{"embeddable":true,"href":"https:\/\/www.jeanmoulinmarmande.fr\/index.php?rest_route=\/wp\/v2\/media\/3108"}],"wp:attachment":[{"href":"https:\/\/www.jeanmoulinmarmande.fr\/index.php?rest_route=%2Fwp%2Fv2%2Fmedia&parent=3091"}],"wp:term":[{"taxonomy":"category","embeddable":true,"href":"https:\/\/www.jeanmoulinmarmande.fr\/index.php?rest_route=%2Fwp%2Fv2%2Fcategories&post=3091"},{"taxonomy":"post_tag","embeddable":true,"href":"https:\/\/www.jeanmoulinmarmande.fr\/index.php?rest_route=%2Fwp%2Fv2%2Ftags&post=3091"}],"curies":[{"name":"wp","href":"https:\/\/api.w.org\/{rel}","templated":true}]}}