{"id":3046,"date":"2016-05-24T18:57:37","date_gmt":"2016-05-24T16:57:37","guid":{"rendered":"http:\/\/www.jeanmoulinmarmande.fr\/?p=3046"},"modified":"2018-02-02T21:21:27","modified_gmt":"2018-02-02T20:21:27","slug":"orientation-post-3eme","status":"publish","type":"post","link":"https:\/\/www.jeanmoulinmarmande.fr\/?p=3046","title":{"rendered":"Orientation post-3\u00e8me 2016"},"content":{"rendered":"<p>Le principal<\/p>\n<p>Aux parents d\u2019\u00e9l\u00e8ves de 3<sup>\u00e8me<\/sup><\/p>\n<p>&nbsp;<\/p>\n<p><strong><em><u>INSCRIPTION EN LIGNE AU LYCEE<\/u><\/em><\/strong><\/p>\n<p>L\u2019inscription en ligne au lyc\u00e9e est propos\u00e9e aux \u00e9l\u00e8ves de 3<sup>\u00e8me<\/sup> affect\u00e9s dans un lyc\u00e9e public&nbsp;en&nbsp;:<\/p>\n<p>&#8211;&nbsp;&nbsp;&nbsp;&nbsp;&nbsp;&nbsp;&nbsp; 2<sup>nde<\/sup> g\u00e9n\u00e9rale et technologique<\/p>\n<p>&#8211;&nbsp;&nbsp;&nbsp;&nbsp;&nbsp;&nbsp;&nbsp; 2<sup>nde<\/sup> professionnelle<\/p>\n<p>&#8211;&nbsp;&nbsp;&nbsp;&nbsp;&nbsp;&nbsp;&nbsp; 1<sup>\u00e8re<\/sup> ann\u00e9e CAP<\/p>\n<p>Ce service en ligne sera ouvert aux responsables l\u00e9gaux <strong><em>du 24 au 29 juin 2016 inclus.<\/em><\/strong><\/p>\n<p>L\u2019objectif principal est de vous permettre de proc\u00e9der \u00e0 l\u2019inscription administrative de votre enfant dans son lyc\u00e9e d\u2019affectation sans devoir vous d\u00e9placer et \u00e0 &nbsp;l\u2019heure qui vous convient.<\/p>\n<p>Vous pourrez ainsi&nbsp;:<\/p>\n<p>&#8211;&nbsp;&nbsp;&nbsp;&nbsp;&nbsp;&nbsp;&nbsp; Consulter en ligne la notification de d\u00e9cision d\u2019affectation de votre enfant<\/p>\n<p>&#8211;&nbsp;&nbsp;&nbsp;&nbsp;&nbsp;&nbsp;&nbsp; Confirmer ou refuser l\u2019inscription dans le lyc\u00e9e d\u00e9sign\u00e9 et la formation notifi\u00e9e<\/p>\n<p>&#8211;&nbsp;&nbsp;&nbsp;&nbsp;&nbsp;&nbsp;&nbsp; Emettre dans certains cas des souhaits pour les enseignements d\u2019exploration (si non \u00e9mis lors des v\u0153ux), pour les enseignements facultatifs et \u00e9ventuellement les options.<\/p>\n<p>&#8211;&nbsp;&nbsp;&nbsp;&nbsp;&nbsp;&nbsp;&nbsp; Acc\u00e9der aux formulaires et documents que le lyc\u00e9e souhaite mettre \u00e0 votre disposition<\/p>\n<p>&#8211;&nbsp;&nbsp;&nbsp;&nbsp;&nbsp;&nbsp;&nbsp; Mettre \u00e0 jour \u00e9ventuellement la fiche de renseignements administratifs<\/p>\n<p>&nbsp;<\/p>\n<p><strong><em>Vous serez prochainement destinataire par courriel (ou papier) de l\u2019adresse internet de cette espace scolarit\u00e9 ainsi que des identifiants de connexion. <\/em><\/strong><\/p>\n<p>&nbsp;<\/p>\n<p style=\"text-align: right;\">&nbsp;Le principal<\/p>\n<p style=\"text-align: right;\"><em>&nbsp;&nbsp;&nbsp;&nbsp;&nbsp;&nbsp;&nbsp;&nbsp;&nbsp;&nbsp;&nbsp;&nbsp;&nbsp;&nbsp;&nbsp;&nbsp;&nbsp;&nbsp;&nbsp;&nbsp;&nbsp;&nbsp;&nbsp;&nbsp;&nbsp;&nbsp;&nbsp;&nbsp;&nbsp;&nbsp;&nbsp;&nbsp;&nbsp;&nbsp;&nbsp;&nbsp;&nbsp;&nbsp;&nbsp;&nbsp;&nbsp;&nbsp;&nbsp;&nbsp;&nbsp;&nbsp;&nbsp;&nbsp;&nbsp;&nbsp;&nbsp;&nbsp;&nbsp;&nbsp;&nbsp;&nbsp;&nbsp;&nbsp; <\/em>Philippe NICOLON<\/p>\n","protected":false},"excerpt":{"rendered":"<p>Le principal Aux parents d\u2019\u00e9l\u00e8ves de 3\u00e8me &nbsp; INSCRIPTION EN LIGNE AU LYCEE L\u2019inscription en ligne au lyc\u00e9e est propos\u00e9e aux \u00e9l\u00e8ves de 3\u00e8me affect\u00e9s dans un lyc\u00e9e public&nbsp;en&nbsp;: &#8211;&nbsp;&nbsp;&nbsp;&nbsp;&nbsp;&nbsp;&nbsp; 2nde g\u00e9n\u00e9rale et technologique &#8211;&nbsp;&nbsp;&nbsp;&nbsp;&nbsp;&nbsp;&nbsp; 2nde professionnelle &#8211;&nbsp;&nbsp;&nbsp;&nbsp;&nbsp;&nbsp;&nbsp; 1\u00e8re ann\u00e9e CAP Ce service en ligne sera ouvert aux responsables l\u00e9gaux du 24 au 29 juin &hellip; <a href=\"https:\/\/www.jeanmoulinmarmande.fr\/?p=3046\" class=\"more-link\">Continuer la lecture de <span class=\"screen-reader-text\">Orientation post-3\u00e8me 2016<\/span>  <span class=\"meta-nav\">&rarr;<\/span><\/a><\/p>\n","protected":false},"author":3,"featured_media":0,"comment_status":"closed","ping_status":"open","sticky":false,"template":"","format":"standard","meta":{"ngg_post_thumbnail":0,"footnotes":""},"categories":[112],"tags":[],"class_list":["post-3046","post","type-post","status-publish","format-standard","hentry","category-orientation-post-3e"],"_links":{"self":[{"href":"https:\/\/www.jeanmoulinmarmande.fr\/index.php?rest_route=\/wp\/v2\/posts\/3046","targetHints":{"allow":["GET"]}}],"collection":[{"href":"https:\/\/www.jeanmoulinmarmande.fr\/index.php?rest_route=\/wp\/v2\/posts"}],"about":[{"href":"https:\/\/www.jeanmoulinmarmande.fr\/index.php?rest_route=\/wp\/v2\/types\/post"}],"author":[{"embeddable":true,"href":"https:\/\/www.jeanmoulinmarmande.fr\/index.php?rest_route=\/wp\/v2\/users\/3"}],"replies":[{"embeddable":true,"href":"https:\/\/www.jeanmoulinmarmande.fr\/index.php?rest_route=%2Fwp%2Fv2%2Fcomments&post=3046"}],"version-history":[{"count":2,"href":"https:\/\/www.jeanmoulinmarmande.fr\/index.php?rest_route=\/wp\/v2\/posts\/3046\/revisions"}],"predecessor-version":[{"id":6031,"href":"https:\/\/www.jeanmoulinmarmande.fr\/index.php?rest_route=\/wp\/v2\/posts\/3046\/revisions\/6031"}],"wp:attachment":[{"href":"https:\/\/www.jeanmoulinmarmande.fr\/index.php?rest_route=%2Fwp%2Fv2%2Fmedia&parent=3046"}],"wp:term":[{"taxonomy":"category","embeddable":true,"href":"https:\/\/www.jeanmoulinmarmande.fr\/index.php?rest_route=%2Fwp%2Fv2%2Fcategories&post=3046"},{"taxonomy":"post_tag","embeddable":true,"href":"https:\/\/www.jeanmoulinmarmande.fr\/index.php?rest_route=%2Fwp%2Fv2%2Ftags&post=3046"}],"curies":[{"name":"wp","href":"https:\/\/api.w.org\/{rel}","templated":true}]}}