{"id":2420,"date":"2016-03-28T20:33:48","date_gmt":"2016-03-28T18:33:48","guid":{"rendered":"http:\/\/www.jeanmoulinmarmande.fr\/?p=2420"},"modified":"2016-03-28T20:36:40","modified_gmt":"2016-03-28T18:36:40","slug":"sortie-medievale","status":"publish","type":"post","link":"https:\/\/www.jeanmoulinmarmande.fr\/?p=2420","title":{"rendered":"Sortie m\u00e9di\u00e9vale"},"content":{"rendered":"<p><a href=\"http:\/\/www.jeanmoulinmarmande.fr\/wp-content\/uploads\/2016\/03\/P1110210.jpg\"><img loading=\"lazy\" decoding=\"async\" class=\"  wp-image-2422 aligncenter\" src=\"http:\/\/www.jeanmoulinmarmande.fr\/wp-content\/uploads\/2016\/03\/P1110210-150x47.jpg\" alt=\"P1110210\" width=\"236\" height=\"74\" srcset=\"https:\/\/www.jeanmoulinmarmande.fr\/wp-content\/uploads\/2016\/03\/P1110210-150x47.jpg 150w, https:\/\/www.jeanmoulinmarmande.fr\/wp-content\/uploads\/2016\/03\/P1110210-300x95.jpg 300w, https:\/\/www.jeanmoulinmarmande.fr\/wp-content\/uploads\/2016\/03\/P1110210-1024x323.jpg 1024w\" sizes=\"auto, (max-width: 236px) 100vw, 236px\" \/><\/a><\/p>\n<p>Vendredi 25 mars, les \u00e9l\u00e8ves de 5\u00e8me 1 et de 5\u00e8me 6, dans le cadre de leur programme d&rsquo;Histoire, sont partis \u00e0 la d\u00e9couverte du patrimoine m\u00e9di\u00e9val de Marmande. Rues anciennes, \u00e9glise, clo\u00eetre et vestiges des remparts \u00e9taient au programme de cette matin\u00e9e.<\/p>\n","protected":false},"excerpt":{"rendered":"<p>Vendredi 25 mars, les \u00e9l\u00e8ves de 5\u00e8me 1 et de 5\u00e8me 6, dans le cadre de leur programme d&rsquo;Histoire, sont partis \u00e0 la d\u00e9couverte du patrimoine m\u00e9di\u00e9val de Marmande. Rues anciennes, \u00e9glise, clo\u00eetre et vestiges des remparts \u00e9taient au programme de cette matin\u00e9e.<\/p>\n","protected":false},"author":3,"featured_media":2422,"comment_status":"closed","ping_status":"open","sticky":false,"template":"","format":"standard","meta":{"ngg_post_thumbnail":0,"footnotes":""},"categories":[75,13],"tags":[],"class_list":["post-2420","post","type-post","status-publish","format-standard","has-post-thumbnail","hentry","category-histoire-geographie","category-pedagogie"],"_links":{"self":[{"href":"https:\/\/www.jeanmoulinmarmande.fr\/index.php?rest_route=\/wp\/v2\/posts\/2420","targetHints":{"allow":["GET"]}}],"collection":[{"href":"https:\/\/www.jeanmoulinmarmande.fr\/index.php?rest_route=\/wp\/v2\/posts"}],"about":[{"href":"https:\/\/www.jeanmoulinmarmande.fr\/index.php?rest_route=\/wp\/v2\/types\/post"}],"author":[{"embeddable":true,"href":"https:\/\/www.jeanmoulinmarmande.fr\/index.php?rest_route=\/wp\/v2\/users\/3"}],"replies":[{"embeddable":true,"href":"https:\/\/www.jeanmoulinmarmande.fr\/index.php?rest_route=%2Fwp%2Fv2%2Fcomments&post=2420"}],"version-history":[{"count":4,"href":"https:\/\/www.jeanmoulinmarmande.fr\/index.php?rest_route=\/wp\/v2\/posts\/2420\/revisions"}],"predecessor-version":[{"id":2425,"href":"https:\/\/www.jeanmoulinmarmande.fr\/index.php?rest_route=\/wp\/v2\/posts\/2420\/revisions\/2425"}],"wp:featuredmedia":[{"embeddable":true,"href":"https:\/\/www.jeanmoulinmarmande.fr\/index.php?rest_route=\/wp\/v2\/media\/2422"}],"wp:attachment":[{"href":"https:\/\/www.jeanmoulinmarmande.fr\/index.php?rest_route=%2Fwp%2Fv2%2Fmedia&parent=2420"}],"wp:term":[{"taxonomy":"category","embeddable":true,"href":"https:\/\/www.jeanmoulinmarmande.fr\/index.php?rest_route=%2Fwp%2Fv2%2Fcategories&post=2420"},{"taxonomy":"post_tag","embeddable":true,"href":"https:\/\/www.jeanmoulinmarmande.fr\/index.php?rest_route=%2Fwp%2Fv2%2Ftags&post=2420"}],"curies":[{"name":"wp","href":"https:\/\/api.w.org\/{rel}","templated":true}]}}