{"id":2371,"date":"2016-03-02T17:22:31","date_gmt":"2016-03-02T16:22:31","guid":{"rendered":"http:\/\/www.jeanmoulinmarmande.fr\/?p=2371"},"modified":"2016-03-02T17:22:31","modified_gmt":"2016-03-02T16:22:31","slug":"une-apres-midi-avec-promethee","status":"publish","type":"post","link":"https:\/\/www.jeanmoulinmarmande.fr\/?p=2371","title":{"rendered":"Une apr\u00e8s-midi avec Prom\u00e9th\u00e9e"},"content":{"rendered":"<p><a href=\"http:\/\/www.jeanmoulinmarmande.fr\/wp-content\/uploads\/2016\/03\/affiche.jpg\"><img loading=\"lazy\" decoding=\"async\" class=\"  wp-image-2372 alignleft\" src=\"http:\/\/www.jeanmoulinmarmande.fr\/wp-content\/uploads\/2016\/03\/affiche-150x112.jpg\" alt=\"affiche\" width=\"115\" height=\"86\" srcset=\"https:\/\/www.jeanmoulinmarmande.fr\/wp-content\/uploads\/2016\/03\/affiche-150x112.jpg 150w, https:\/\/www.jeanmoulinmarmande.fr\/wp-content\/uploads\/2016\/03\/affiche-300x225.jpg 300w, https:\/\/www.jeanmoulinmarmande.fr\/wp-content\/uploads\/2016\/03\/affiche.jpg 944w\" sizes=\"auto, (max-width: 115px) 100vw, 115px\" \/><\/a>Hier, les \u00e9l\u00e8ves de 6\u00b01, 6\u00b02 et de l\u2019Atelier th\u00e9\u00e2tre du coll\u00e8ge ont assist\u00e9 au Comoedia \u00e0 une s\u00e9ance de r\u00e9p\u00e9tition de la prochaine cr\u00e9ation de la Compagnie Prom\u00e9th\u00e9e : Lys Martagon de Sylvain Levey.<br \/>\nEn fin d\u2019apr\u00e8s-midi, les \u00e9l\u00e8ves ont travaill\u00e9 en atelier avec les com\u00e9diens, R\u00e9my Deney, Alice Dufour, Fanny Galeteau, J\u00e9r\u00e9my Nardot et Luc Cognet, metteur en sc\u00e8ne et directeur de la Compagnie.<br \/>\nngg_shortcode_0_placeholder<\/p>\n","protected":false},"excerpt":{"rendered":"<p>Hier, les \u00e9l\u00e8ves de 6\u00b01, 6\u00b02 et de l\u2019Atelier th\u00e9\u00e2tre du coll\u00e8ge ont assist\u00e9 au Comoedia \u00e0 une s\u00e9ance de r\u00e9p\u00e9tition de la prochaine cr\u00e9ation de la Compagnie Prom\u00e9th\u00e9e : Lys Martagon de Sylvain Levey. En fin d\u2019apr\u00e8s-midi, les \u00e9l\u00e8ves ont travaill\u00e9 en atelier avec les com\u00e9diens, R\u00e9my Deney, Alice Dufour, Fanny Galeteau, J\u00e9r\u00e9my Nardot &hellip; <a href=\"https:\/\/www.jeanmoulinmarmande.fr\/?p=2371\" class=\"more-link\">Continuer la lecture de <span class=\"screen-reader-text\">Une apr\u00e8s-midi avec Prom\u00e9th\u00e9e<\/span>  <span class=\"meta-nav\">&rarr;<\/span><\/a><\/p>\n","protected":false},"author":3,"featured_media":2375,"comment_status":"closed","ping_status":"open","sticky":false,"template":"","format":"standard","meta":{"ngg_post_thumbnail":0,"footnotes":""},"categories":[3,5,6],"tags":[],"class_list":["post-2371","post","type-post","status-publish","format-standard","has-post-thumbnail","hentry","category-activites","category-atelier-theatre-musique","category-classe-pac-theatre"],"_links":{"self":[{"href":"https:\/\/www.jeanmoulinmarmande.fr\/index.php?rest_route=\/wp\/v2\/posts\/2371","targetHints":{"allow":["GET"]}}],"collection":[{"href":"https:\/\/www.jeanmoulinmarmande.fr\/index.php?rest_route=\/wp\/v2\/posts"}],"about":[{"href":"https:\/\/www.jeanmoulinmarmande.fr\/index.php?rest_route=\/wp\/v2\/types\/post"}],"author":[{"embeddable":true,"href":"https:\/\/www.jeanmoulinmarmande.fr\/index.php?rest_route=\/wp\/v2\/users\/3"}],"replies":[{"embeddable":true,"href":"https:\/\/www.jeanmoulinmarmande.fr\/index.php?rest_route=%2Fwp%2Fv2%2Fcomments&post=2371"}],"version-history":[{"count":2,"href":"https:\/\/www.jeanmoulinmarmande.fr\/index.php?rest_route=\/wp\/v2\/posts\/2371\/revisions"}],"predecessor-version":[{"id":2374,"href":"https:\/\/www.jeanmoulinmarmande.fr\/index.php?rest_route=\/wp\/v2\/posts\/2371\/revisions\/2374"}],"wp:featuredmedia":[{"embeddable":true,"href":"https:\/\/www.jeanmoulinmarmande.fr\/index.php?rest_route=\/wp\/v2\/media\/2375"}],"wp:attachment":[{"href":"https:\/\/www.jeanmoulinmarmande.fr\/index.php?rest_route=%2Fwp%2Fv2%2Fmedia&parent=2371"}],"wp:term":[{"taxonomy":"category","embeddable":true,"href":"https:\/\/www.jeanmoulinmarmande.fr\/index.php?rest_route=%2Fwp%2Fv2%2Fcategories&post=2371"},{"taxonomy":"post_tag","embeddable":true,"href":"https:\/\/www.jeanmoulinmarmande.fr\/index.php?rest_route=%2Fwp%2Fv2%2Ftags&post=2371"}],"curies":[{"name":"wp","href":"https:\/\/api.w.org\/{rel}","templated":true}]}}