{"id":2276,"date":"2016-01-15T19:36:42","date_gmt":"2016-01-15T18:36:42","guid":{"rendered":"http:\/\/www.jeanmoulinmarmande.fr\/?p=2276"},"modified":"2016-01-18T13:48:46","modified_gmt":"2016-01-18T12:48:46","slug":"raid-colleges-et-lycees-du-mercredi-13-janvier","status":"publish","type":"post","link":"https:\/\/www.jeanmoulinmarmande.fr\/?p=2276","title":{"rendered":"Raid Coll\u00e8ges et Lyc\u00e9es du Mercredi 13 janvier"},"content":{"rendered":"<p>Le coll\u00e8ge Jean Moulin a fourni les Jeunes Officiels qui ont organis\u00e9 le raid acad\u00e9mique \u00e0 Casteljaloux et particip\u00e9 avec 3 \u00e9quipes \u00e0 ce championnat. Elles ont respectivement termin\u00e9es 11\u00e8me en 5h.02, 17\u00e8me en 5h45 et Hors Classement en 7h52 sur 33 \u00e9quipes.<br \/>\nMerci \u00e0 toutes et \u00e0 tous pour leur participation et f\u00e9licitations.<br \/>\nngg_shortcode_0_placeholder<\/p>\n","protected":false},"excerpt":{"rendered":"<p>Le coll\u00e8ge Jean Moulin a fourni les Jeunes Officiels qui ont organis\u00e9 le raid acad\u00e9mique \u00e0 Casteljaloux et particip\u00e9 avec 3 \u00e9quipes \u00e0 ce championnat. Elles ont respectivement termin\u00e9es 11\u00e8me en 5h.02, 17\u00e8me en 5h45 et Hors Classement en 7h52 sur 33 \u00e9quipes. Merci \u00e0 toutes et \u00e0 tous pour leur participation et f\u00e9licitations.<\/p>\n","protected":false},"author":3,"featured_media":2275,"comment_status":"closed","ping_status":"open","sticky":false,"template":"","format":"standard","meta":{"ngg_post_thumbnail":0,"footnotes":""},"categories":[3,4],"tags":[],"class_list":["post-2276","post","type-post","status-publish","format-standard","has-post-thumbnail","hentry","category-activites","category-association-sportive"],"_links":{"self":[{"href":"https:\/\/www.jeanmoulinmarmande.fr\/index.php?rest_route=\/wp\/v2\/posts\/2276","targetHints":{"allow":["GET"]}}],"collection":[{"href":"https:\/\/www.jeanmoulinmarmande.fr\/index.php?rest_route=\/wp\/v2\/posts"}],"about":[{"href":"https:\/\/www.jeanmoulinmarmande.fr\/index.php?rest_route=\/wp\/v2\/types\/post"}],"author":[{"embeddable":true,"href":"https:\/\/www.jeanmoulinmarmande.fr\/index.php?rest_route=\/wp\/v2\/users\/3"}],"replies":[{"embeddable":true,"href":"https:\/\/www.jeanmoulinmarmande.fr\/index.php?rest_route=%2Fwp%2Fv2%2Fcomments&post=2276"}],"version-history":[{"count":3,"href":"https:\/\/www.jeanmoulinmarmande.fr\/index.php?rest_route=\/wp\/v2\/posts\/2276\/revisions"}],"predecessor-version":[{"id":2279,"href":"https:\/\/www.jeanmoulinmarmande.fr\/index.php?rest_route=\/wp\/v2\/posts\/2276\/revisions\/2279"}],"wp:featuredmedia":[{"embeddable":true,"href":"https:\/\/www.jeanmoulinmarmande.fr\/index.php?rest_route=\/wp\/v2\/media\/2275"}],"wp:attachment":[{"href":"https:\/\/www.jeanmoulinmarmande.fr\/index.php?rest_route=%2Fwp%2Fv2%2Fmedia&parent=2276"}],"wp:term":[{"taxonomy":"category","embeddable":true,"href":"https:\/\/www.jeanmoulinmarmande.fr\/index.php?rest_route=%2Fwp%2Fv2%2Fcategories&post=2276"},{"taxonomy":"post_tag","embeddable":true,"href":"https:\/\/www.jeanmoulinmarmande.fr\/index.php?rest_route=%2Fwp%2Fv2%2Ftags&post=2276"}],"curies":[{"name":"wp","href":"https:\/\/api.w.org\/{rel}","templated":true}]}}