{"id":2246,"date":"2016-01-06T18:24:17","date_gmt":"2016-01-06T17:24:17","guid":{"rendered":"http:\/\/www.jeanmoulinmarmande.fr\/?p=2246"},"modified":"2016-01-06T18:52:52","modified_gmt":"2016-01-06T17:52:52","slug":"mercredi-cest-du-ski-et-de-la-neige","status":"publish","type":"post","link":"https:\/\/www.jeanmoulinmarmande.fr\/?p=2246","title":{"rendered":"Mercredi c&rsquo;est du ski&#8230; et de la neige"},"content":{"rendered":"<p>Une nuit de neige ajout\u00e9e \u00e0 une journ\u00e9e de m\u00eame, vous comprendrez que nous ne manquons pas de neige pour glisser, tomber, se relever et repartir dans le brouillard.<br \/>\nCes conditions difficiles (mais il ne fait pas froid) n&rsquo;ont pas emp\u00each\u00e9es nos d\u00e9butants de prendre le t\u00e9l\u00e9ski et pour certains le t\u00e9l\u00e9si\u00e8ge (Bouh c&rsquo;est haut \ud83d\ude41 ). Les skieurs plus confirm\u00e9s se sont confront\u00e9s \u00e0 la \u00ab\u00a0poudreuse\u00a0\u00bb, ce qui a valu quelques belles gamelles lors des sorties sur le bord de piste. Malgr\u00e9 un gros travail des \u00e9quipes de la station, la neige est rest\u00e9e profonde et lourde m\u00eame sur les pistes.<br \/>\nCe soir, quartier libre apr\u00e8s le repas pour pouvoir raconter \u00e0 ses camarades toutes les belles \u00e9motions de la journ\u00e9e. Les petits yeux sont bien fatigu\u00e9s, nous irons donc nous coucher assez t\u00f4t pour \u00eatre en forme demain.<br \/>\nngg_shortcode_0_placeholder<br \/>\n<iframe loading=\"lazy\" width=\"420\" height=\"315\" src=\"https:\/\/www.youtube.com\/embed\/k59euTWdL5g?rel=0\" frameborder=\"0\" allowfullscreen><\/iframe><br \/>\n<iframe loading=\"lazy\" width=\"420\" height=\"315\" src=\"https:\/\/www.youtube.com\/embed\/Sw6c_fXPSTk?rel=0\" frameborder=\"0\" allowfullscreen><\/iframe><\/p>\n","protected":false},"excerpt":{"rendered":"<p>Une nuit de neige ajout\u00e9e \u00e0 une journ\u00e9e de m\u00eame, vous comprendrez que nous ne manquons pas de neige pour glisser, tomber, se relever et repartir dans le brouillard. Ces conditions difficiles (mais il ne fait pas froid) n&rsquo;ont pas emp\u00each\u00e9es nos d\u00e9butants de prendre le t\u00e9l\u00e9ski et pour certains le t\u00e9l\u00e9si\u00e8ge (Bouh c&rsquo;est haut &hellip; <a href=\"https:\/\/www.jeanmoulinmarmande.fr\/?p=2246\" class=\"more-link\">Continuer la lecture de <span class=\"screen-reader-text\">Mercredi c&rsquo;est du ski&#8230; et de la neige<\/span>  <span class=\"meta-nav\">&rarr;<\/span><\/a><\/p>\n","protected":false},"author":3,"featured_media":2248,"comment_status":"closed","ping_status":"open","sticky":false,"template":"","format":"standard","meta":{"ngg_post_thumbnail":0,"footnotes":""},"categories":[3,70],"tags":[],"class_list":["post-2246","post","type-post","status-publish","format-standard","has-post-thumbnail","hentry","category-activites","category-sejour-au-ski"],"_links":{"self":[{"href":"https:\/\/www.jeanmoulinmarmande.fr\/index.php?rest_route=\/wp\/v2\/posts\/2246","targetHints":{"allow":["GET"]}}],"collection":[{"href":"https:\/\/www.jeanmoulinmarmande.fr\/index.php?rest_route=\/wp\/v2\/posts"}],"about":[{"href":"https:\/\/www.jeanmoulinmarmande.fr\/index.php?rest_route=\/wp\/v2\/types\/post"}],"author":[{"embeddable":true,"href":"https:\/\/www.jeanmoulinmarmande.fr\/index.php?rest_route=\/wp\/v2\/users\/3"}],"replies":[{"embeddable":true,"href":"https:\/\/www.jeanmoulinmarmande.fr\/index.php?rest_route=%2Fwp%2Fv2%2Fcomments&post=2246"}],"version-history":[{"count":3,"href":"https:\/\/www.jeanmoulinmarmande.fr\/index.php?rest_route=\/wp\/v2\/posts\/2246\/revisions"}],"predecessor-version":[{"id":2250,"href":"https:\/\/www.jeanmoulinmarmande.fr\/index.php?rest_route=\/wp\/v2\/posts\/2246\/revisions\/2250"}],"wp:featuredmedia":[{"embeddable":true,"href":"https:\/\/www.jeanmoulinmarmande.fr\/index.php?rest_route=\/wp\/v2\/media\/2248"}],"wp:attachment":[{"href":"https:\/\/www.jeanmoulinmarmande.fr\/index.php?rest_route=%2Fwp%2Fv2%2Fmedia&parent=2246"}],"wp:term":[{"taxonomy":"category","embeddable":true,"href":"https:\/\/www.jeanmoulinmarmande.fr\/index.php?rest_route=%2Fwp%2Fv2%2Fcategories&post=2246"},{"taxonomy":"post_tag","embeddable":true,"href":"https:\/\/www.jeanmoulinmarmande.fr\/index.php?rest_route=%2Fwp%2Fv2%2Ftags&post=2246"}],"curies":[{"name":"wp","href":"https:\/\/api.w.org\/{rel}","templated":true}]}}