{"id":2238,"date":"2016-01-05T18:13:16","date_gmt":"2016-01-05T17:13:16","guid":{"rendered":"http:\/\/www.jeanmoulinmarmande.fr\/?p=2238"},"modified":"2016-01-05T18:50:03","modified_gmt":"2016-01-05T17:50:03","slug":"mardi-de-folie","status":"publish","type":"post","link":"https:\/\/www.jeanmoulinmarmande.fr\/?p=2238","title":{"rendered":"Mardi c&rsquo;est parti&#8230;.."},"content":{"rendered":"<p>Apr\u00e8s une nuit o\u00f9 il a neig\u00e9 en abondance, nous nous sommes r\u00e9veill\u00e9s difficilement \u00e0 8H pour un petit-d\u00e9j&rsquo; \u00e0 8h30. Retour en chambre pour se laver les crocs \ud83d\ude42 et en route pour les pistes. En matin\u00e9e, le temps a \u00e9t\u00e9 cl\u00e9ment avec nous (alternance de nuages et d&rsquo;\u00e9claircies mais avec une majorit\u00e9 de soleil) alors que l&rsquo;apr\u00e8s-midi fut plus couvert, voire franchement brouillardeux sur la fin <img decoding=\"async\" src=\"http:\/\/www.jeanmoulinmarmande.fr\/wp-content\/plugins\/wp-edit\/plugins\/emoticons\/img\/smiley-frown.gif\" alt=\"\" \/><\/p>\n<p>La neige est parfaite pour le ski, souple sur les pistes des d\u00e9butants et l\u00e9g\u00e8re pour les plus confirm\u00e9s. Tout le monde s&rsquo;est bien \u00e9clat\u00e9 et les progr\u00e8s sont r\u00e9els.<\/p>\n<p>Actuellement, les groupes sont r\u00e9partis entre natation, \u00e9tude et achats. Le repas du soir est pr\u00e9vu \u00e0 19h30 et sera suivi du visionnage d&rsquo;un film d&rsquo;information sur la montagne. Le coucher est pr\u00e9vu vers 22H mais la fatigue commence \u00e0 se faire sentir.<\/p>\n<p>ngg_shortcode_0_placeholder<br \/>\n<iframe loading=\"lazy\" width=\"560\" height=\"315\" src=\"https:\/\/www.youtube.com\/embed\/f062tIHxb0E?rel=0\" frameborder=\"0\" allowfullscreen><\/iframe><\/p>\n","protected":false},"excerpt":{"rendered":"<p>Apr\u00e8s une nuit o\u00f9 il a neig\u00e9 en abondance, nous nous sommes r\u00e9veill\u00e9s difficilement \u00e0 8H pour un petit-d\u00e9j&rsquo; \u00e0 8h30. Retour en chambre pour se laver les crocs \ud83d\ude42 et en route pour les pistes. En matin\u00e9e, le temps a \u00e9t\u00e9 cl\u00e9ment avec nous (alternance de nuages et d&rsquo;\u00e9claircies mais avec une majorit\u00e9 de &hellip; <a href=\"https:\/\/www.jeanmoulinmarmande.fr\/?p=2238\" class=\"more-link\">Continuer la lecture de <span class=\"screen-reader-text\">Mardi c&rsquo;est parti&#8230;..<\/span>  <span class=\"meta-nav\">&rarr;<\/span><\/a><\/p>\n","protected":false},"author":3,"featured_media":0,"comment_status":"closed","ping_status":"open","sticky":false,"template":"","format":"standard","meta":{"ngg_post_thumbnail":0,"footnotes":""},"categories":[3,70],"tags":[],"class_list":["post-2238","post","type-post","status-publish","format-standard","hentry","category-activites","category-sejour-au-ski"],"_links":{"self":[{"href":"https:\/\/www.jeanmoulinmarmande.fr\/index.php?rest_route=\/wp\/v2\/posts\/2238","targetHints":{"allow":["GET"]}}],"collection":[{"href":"https:\/\/www.jeanmoulinmarmande.fr\/index.php?rest_route=\/wp\/v2\/posts"}],"about":[{"href":"https:\/\/www.jeanmoulinmarmande.fr\/index.php?rest_route=\/wp\/v2\/types\/post"}],"author":[{"embeddable":true,"href":"https:\/\/www.jeanmoulinmarmande.fr\/index.php?rest_route=\/wp\/v2\/users\/3"}],"replies":[{"embeddable":true,"href":"https:\/\/www.jeanmoulinmarmande.fr\/index.php?rest_route=%2Fwp%2Fv2%2Fcomments&post=2238"}],"version-history":[{"count":7,"href":"https:\/\/www.jeanmoulinmarmande.fr\/index.php?rest_route=\/wp\/v2\/posts\/2238\/revisions"}],"predecessor-version":[{"id":2245,"href":"https:\/\/www.jeanmoulinmarmande.fr\/index.php?rest_route=\/wp\/v2\/posts\/2238\/revisions\/2245"}],"wp:attachment":[{"href":"https:\/\/www.jeanmoulinmarmande.fr\/index.php?rest_route=%2Fwp%2Fv2%2Fmedia&parent=2238"}],"wp:term":[{"taxonomy":"category","embeddable":true,"href":"https:\/\/www.jeanmoulinmarmande.fr\/index.php?rest_route=%2Fwp%2Fv2%2Fcategories&post=2238"},{"taxonomy":"post_tag","embeddable":true,"href":"https:\/\/www.jeanmoulinmarmande.fr\/index.php?rest_route=%2Fwp%2Fv2%2Ftags&post=2238"}],"curies":[{"name":"wp","href":"https:\/\/api.w.org\/{rel}","templated":true}]}}