{"id":2196,"date":"2015-12-07T17:36:38","date_gmt":"2015-12-07T16:36:38","guid":{"rendered":"http:\/\/www.jeanmoulinmarmande.fr\/?p=2196"},"modified":"2015-12-07T17:38:50","modified_gmt":"2015-12-07T16:38:50","slug":"il-court-il-court-le-college","status":"publish","type":"post","link":"https:\/\/www.jeanmoulinmarmande.fr\/?p=2196","title":{"rendered":"Il court, il court&#8230;.le coll\u00e8ge"},"content":{"rendered":"<p>Plus de 30 participantes et participants ont repr\u00e9sent\u00e9 le coll\u00e8ge jean Moulin au cross d\u00e9partemental qui s&rsquo;est tenu mercredi 2 d\u00e9cembre \u00e0 Villeneuve. On peut mettre en avant la 22\u00e8me place par \u00e9quipe des Benjamines, la 10\u00e8me place par \u00e9quipe de minimes Filles, la 4\u00e8me place par \u00e9quipe des minimes Gar\u00e7ons ainsi que la place de 4\u00e8me individuel de Matt\u00e9o Jocal en Minimes et la 2\u00e8me place en individuel de Salim Sp\u00e9ziali en Cadets.<br \/>\nBravo \u00e0 toutes et \u00e0 tous.<br \/>\nngg_shortcode_0_placeholder<\/p>\n","protected":false},"excerpt":{"rendered":"<p>Plus de 30 participantes et participants ont repr\u00e9sent\u00e9 le coll\u00e8ge jean Moulin au cross d\u00e9partemental qui s&rsquo;est tenu mercredi 2 d\u00e9cembre \u00e0 Villeneuve. On peut mettre en avant la 22\u00e8me place par \u00e9quipe des Benjamines, la 10\u00e8me place par \u00e9quipe de minimes Filles, la 4\u00e8me place par \u00e9quipe des minimes Gar\u00e7ons ainsi que la place &hellip; <a href=\"https:\/\/www.jeanmoulinmarmande.fr\/?p=2196\" class=\"more-link\">Continuer la lecture de <span class=\"screen-reader-text\">Il court, il court&#8230;.le coll\u00e8ge<\/span>  <span class=\"meta-nav\">&rarr;<\/span><\/a><\/p>\n","protected":false},"author":3,"featured_media":2200,"comment_status":"closed","ping_status":"open","sticky":false,"template":"","format":"standard","meta":{"ngg_post_thumbnail":0,"footnotes":""},"categories":[3,4],"tags":[],"class_list":["post-2196","post","type-post","status-publish","format-standard","has-post-thumbnail","hentry","category-activites","category-association-sportive"],"_links":{"self":[{"href":"https:\/\/www.jeanmoulinmarmande.fr\/index.php?rest_route=\/wp\/v2\/posts\/2196","targetHints":{"allow":["GET"]}}],"collection":[{"href":"https:\/\/www.jeanmoulinmarmande.fr\/index.php?rest_route=\/wp\/v2\/posts"}],"about":[{"href":"https:\/\/www.jeanmoulinmarmande.fr\/index.php?rest_route=\/wp\/v2\/types\/post"}],"author":[{"embeddable":true,"href":"https:\/\/www.jeanmoulinmarmande.fr\/index.php?rest_route=\/wp\/v2\/users\/3"}],"replies":[{"embeddable":true,"href":"https:\/\/www.jeanmoulinmarmande.fr\/index.php?rest_route=%2Fwp%2Fv2%2Fcomments&post=2196"}],"version-history":[{"count":3,"href":"https:\/\/www.jeanmoulinmarmande.fr\/index.php?rest_route=\/wp\/v2\/posts\/2196\/revisions"}],"predecessor-version":[{"id":2201,"href":"https:\/\/www.jeanmoulinmarmande.fr\/index.php?rest_route=\/wp\/v2\/posts\/2196\/revisions\/2201"}],"wp:featuredmedia":[{"embeddable":true,"href":"https:\/\/www.jeanmoulinmarmande.fr\/index.php?rest_route=\/wp\/v2\/media\/2200"}],"wp:attachment":[{"href":"https:\/\/www.jeanmoulinmarmande.fr\/index.php?rest_route=%2Fwp%2Fv2%2Fmedia&parent=2196"}],"wp:term":[{"taxonomy":"category","embeddable":true,"href":"https:\/\/www.jeanmoulinmarmande.fr\/index.php?rest_route=%2Fwp%2Fv2%2Fcategories&post=2196"},{"taxonomy":"post_tag","embeddable":true,"href":"https:\/\/www.jeanmoulinmarmande.fr\/index.php?rest_route=%2Fwp%2Fv2%2Ftags&post=2196"}],"curies":[{"name":"wp","href":"https:\/\/api.w.org\/{rel}","templated":true}]}}