{"id":2186,"date":"2015-12-02T10:50:24","date_gmt":"2015-12-02T09:50:24","guid":{"rendered":"http:\/\/www.jeanmoulinmarmande.fr\/?p=2186"},"modified":"2015-12-02T10:50:24","modified_gmt":"2015-12-02T09:50:24","slug":"semaine-zero-contact-physique-du-07-au-11-decembre-2015","status":"publish","type":"post","link":"https:\/\/www.jeanmoulinmarmande.fr\/?p=2186","title":{"rendered":"Semaine \u00ab ZERO CONTACT PHYSIQUE \u00bb  Du 07 au 11 d\u00e9cembre 2015"},"content":{"rendered":"<p>Dans le cadre des mesures \u00ab climat scolaire \u00bb une semaine \u00ab Zero contact physique \u00bb va \u00eatre mise en place<br \/>\nIl s\u2019agit pour les \u00e9l\u00e8ves d\u2019arriver \u00e0 communiquer sans \u00e9tablir un contact physique souvent rugueux et gratuit.<br \/>\nPar exemple \u00e9viter le petit coup de poing dans l\u2019\u00e9paule en guise de bonjour, la \u00ab calbotte \u00bb (petit coup sur la nuque) au 1er \u00e9l\u00e8ve qui passe \u00e0 proximit\u00e9 (pour rire), le coup d\u2019\u00e9paule pour en projeter un autre sur le mur ou sur les casiers\u2026etc la liste est longue, sans oublier bien s\u00fbr le sacro-saint \u00ab croche-pattes \u00bb ou balayette !<br \/>\nBien s\u00fbr les bagarres, les vraies, sont aussi interdites, mais c\u2019est une \u00e9vidence !<\/p>\n<p>Nous parlons aujourd\u2019hui des autres contacts physiques qui constituent des petites violences quotidiennes et qui ne sont d\u2019ailleurs pas toujours per\u00e7ues par les \u00e9l\u00e8ves comme \u00e9tant de la violence mais concernent tout le monde : ne pas oublier que la victime d\u2019aujourd\u2019hui sera l\u2019auteur de demain et vice versa.<br \/>\nCependant certains seront plus souvent victimes que d\u2019autres parce qu\u2019ils sont plus petits ou plus fragiles et ceux-l\u00e0 le ressentent comme une violence, comme une agression. C\u2019est cette petite violence qui cr\u00e9e chez les \u00e9l\u00e8ves un sentiment d\u2019ins\u00e9curit\u00e9. C\u2019est contre ces gestes gratuits, souvent anonymes, inutiles et insupportables que nous voulons lutter en instituant cette semaine \u00ab z\u00e9ro contact physique \u00bb.<\/p>\n<p>Concr\u00e8tement : Ce projet se fait sur la base du volontariat et les \u00e9l\u00e8ves qui d\u00e9sirent s\u2019engager viendront \u00e0 la Vie Scolaire d\u00e8s lundi matin prendre un signe distinctif : un ruban de laine nou\u00e9 au poignet, et signer la feuille d\u2019engagement pour la semaine.<\/p>\n<p>Il s\u2019agit d\u2019une semaine de sensibilisation, de pr\u00e9vention.<br \/>\nEnsuite nous poserons d\u2019autres dates de fa\u00e7on al\u00e9atoire pour reprendre le projet dans le courant de l\u2019ann\u00e9e.<br \/>\nBien s\u00fbr nous esp\u00e9rons que cette prise de conscience permettra de diminuer ces bousculades et violences inad\u00e9quates \u00e0 l\u2019int\u00e9rieur d\u2019un \u00e9tablissement scolaire.<\/p>\n<p>Les CPE<\/p>\n","protected":false},"excerpt":{"rendered":"<p>Dans le cadre des mesures \u00ab climat scolaire \u00bb une semaine \u00ab Zero contact physique \u00bb va \u00eatre mise en place Il s\u2019agit pour les \u00e9l\u00e8ves d\u2019arriver \u00e0 communiquer sans \u00e9tablir un contact physique souvent rugueux et gratuit. Par exemple \u00e9viter le petit coup de poing dans l\u2019\u00e9paule en guise de bonjour, la \u00ab calbotte &hellip; <a href=\"https:\/\/www.jeanmoulinmarmande.fr\/?p=2186\" class=\"more-link\">Continuer la lecture de <span class=\"screen-reader-text\">Semaine \u00ab ZERO CONTACT PHYSIQUE \u00bb  Du 07 au 11 d\u00e9cembre 2015<\/span>  <span class=\"meta-nav\">&rarr;<\/span><\/a><\/p>\n","protected":false},"author":3,"featured_media":0,"comment_status":"closed","ping_status":"open","sticky":false,"template":"","format":"standard","meta":{"ngg_post_thumbnail":0,"footnotes":""},"categories":[62,63],"tags":[104,78],"class_list":["post-2186","post","type-post","status-publish","format-standard","hentry","category-info-generales","category-vie-scolaire-2","tag-citoyennete","tag-violence-citoyennete"],"_links":{"self":[{"href":"https:\/\/www.jeanmoulinmarmande.fr\/index.php?rest_route=\/wp\/v2\/posts\/2186","targetHints":{"allow":["GET"]}}],"collection":[{"href":"https:\/\/www.jeanmoulinmarmande.fr\/index.php?rest_route=\/wp\/v2\/posts"}],"about":[{"href":"https:\/\/www.jeanmoulinmarmande.fr\/index.php?rest_route=\/wp\/v2\/types\/post"}],"author":[{"embeddable":true,"href":"https:\/\/www.jeanmoulinmarmande.fr\/index.php?rest_route=\/wp\/v2\/users\/3"}],"replies":[{"embeddable":true,"href":"https:\/\/www.jeanmoulinmarmande.fr\/index.php?rest_route=%2Fwp%2Fv2%2Fcomments&post=2186"}],"version-history":[{"count":1,"href":"https:\/\/www.jeanmoulinmarmande.fr\/index.php?rest_route=\/wp\/v2\/posts\/2186\/revisions"}],"predecessor-version":[{"id":2187,"href":"https:\/\/www.jeanmoulinmarmande.fr\/index.php?rest_route=\/wp\/v2\/posts\/2186\/revisions\/2187"}],"wp:attachment":[{"href":"https:\/\/www.jeanmoulinmarmande.fr\/index.php?rest_route=%2Fwp%2Fv2%2Fmedia&parent=2186"}],"wp:term":[{"taxonomy":"category","embeddable":true,"href":"https:\/\/www.jeanmoulinmarmande.fr\/index.php?rest_route=%2Fwp%2Fv2%2Fcategories&post=2186"},{"taxonomy":"post_tag","embeddable":true,"href":"https:\/\/www.jeanmoulinmarmande.fr\/index.php?rest_route=%2Fwp%2Fv2%2Ftags&post=2186"}],"curies":[{"name":"wp","href":"https:\/\/api.w.org\/{rel}","templated":true}]}}