{"id":2179,"date":"2015-11-23T16:23:06","date_gmt":"2015-11-23T15:23:06","guid":{"rendered":"http:\/\/www.jeanmoulinmarmande.fr\/?p=2179"},"modified":"2015-11-23T16:23:06","modified_gmt":"2015-11-23T15:23:06","slug":"banque-alimentaire-3","status":"publish","type":"post","link":"https:\/\/www.jeanmoulinmarmande.fr\/?p=2179","title":{"rendered":"Banque alimentaire"},"content":{"rendered":"<p>Une collecte de denr\u00e9es alimentaires non p\u00e9rissables est organis\u00e9e au coll\u00e8ge par le foyer socio educatif du mercredi 25 novembre au mardi 1er d\u00e9cembre inclus au profit de la banque alimentaire de Marmande.<\/p>\n<p>Les dons seront re\u00e7us devant la Vie Scolaire de 7h45 \u00e0 8h; \u00e0 la r\u00e9cr\u00e9ation de 10h et de 13h45 \u00e0 14h.<\/p>\n<p>Merci pour votre g\u00e9n\u00e9rosit\u00e9<\/p>\n","protected":false},"excerpt":{"rendered":"<p>Une collecte de denr\u00e9es alimentaires non p\u00e9rissables est organis\u00e9e au coll\u00e8ge par le foyer socio educatif du mercredi 25 novembre au mardi 1er d\u00e9cembre inclus au profit de la banque alimentaire de Marmande. Les dons seront re\u00e7us devant la Vie Scolaire de 7h45 \u00e0 8h; \u00e0 la r\u00e9cr\u00e9ation de 10h et de 13h45 \u00e0 14h. &hellip; <a href=\"https:\/\/www.jeanmoulinmarmande.fr\/?p=2179\" class=\"more-link\">Continuer la lecture de <span class=\"screen-reader-text\">Banque alimentaire<\/span>  <span class=\"meta-nav\">&rarr;<\/span><\/a><\/p>\n","protected":false},"author":3,"featured_media":0,"comment_status":"closed","ping_status":"open","sticky":false,"template":"","format":"standard","meta":{"ngg_post_thumbnail":0,"footnotes":""},"categories":[8,63],"tags":[104,83],"class_list":["post-2179","post","type-post","status-publish","format-standard","hentry","category-foyer-socio-educatif","category-vie-scolaire-2","tag-citoyennete","tag-solidarite"],"_links":{"self":[{"href":"https:\/\/www.jeanmoulinmarmande.fr\/index.php?rest_route=\/wp\/v2\/posts\/2179","targetHints":{"allow":["GET"]}}],"collection":[{"href":"https:\/\/www.jeanmoulinmarmande.fr\/index.php?rest_route=\/wp\/v2\/posts"}],"about":[{"href":"https:\/\/www.jeanmoulinmarmande.fr\/index.php?rest_route=\/wp\/v2\/types\/post"}],"author":[{"embeddable":true,"href":"https:\/\/www.jeanmoulinmarmande.fr\/index.php?rest_route=\/wp\/v2\/users\/3"}],"replies":[{"embeddable":true,"href":"https:\/\/www.jeanmoulinmarmande.fr\/index.php?rest_route=%2Fwp%2Fv2%2Fcomments&post=2179"}],"version-history":[{"count":1,"href":"https:\/\/www.jeanmoulinmarmande.fr\/index.php?rest_route=\/wp\/v2\/posts\/2179\/revisions"}],"predecessor-version":[{"id":2180,"href":"https:\/\/www.jeanmoulinmarmande.fr\/index.php?rest_route=\/wp\/v2\/posts\/2179\/revisions\/2180"}],"wp:attachment":[{"href":"https:\/\/www.jeanmoulinmarmande.fr\/index.php?rest_route=%2Fwp%2Fv2%2Fmedia&parent=2179"}],"wp:term":[{"taxonomy":"category","embeddable":true,"href":"https:\/\/www.jeanmoulinmarmande.fr\/index.php?rest_route=%2Fwp%2Fv2%2Fcategories&post=2179"},{"taxonomy":"post_tag","embeddable":true,"href":"https:\/\/www.jeanmoulinmarmande.fr\/index.php?rest_route=%2Fwp%2Fv2%2Ftags&post=2179"}],"curies":[{"name":"wp","href":"https:\/\/api.w.org\/{rel}","templated":true}]}}