{"id":2168,"date":"2015-11-16T17:15:37","date_gmt":"2015-11-16T16:15:37","guid":{"rendered":"http:\/\/www.jeanmoulinmarmande.fr\/?p=2168"},"modified":"2015-11-16T17:15:37","modified_gmt":"2015-11-16T16:15:37","slug":"en-creation-avec-carole-chaix","status":"publish","type":"post","link":"https:\/\/www.jeanmoulinmarmande.fr\/?p=2168","title":{"rendered":"En cr\u00e9ation avec Carole Chaix"},"content":{"rendered":"<p>Les mardi 24, jeudi 26 et vendredi 27 novembre, notre coll\u00e8ge re\u00e7oit l\u2019artiste plasticienne Carole Chaix. Cr\u00e9atrice multiforme, Carole Chaix a illustr\u00e9 plusieurs albums de litt\u00e9rature de jeunesse, dont le dernier, Dans la t\u00eate d\u2019Albert, a \u00e9t\u00e9 particuli\u00e8rement salu\u00e9 par la critique.<br \/>\nElle interviendra durant ces trois jours en atelier avec les 6\u00e8me 6 pour la r\u00e9alisation d\u2019un projet initi\u00e9 par Mmes Morisset et Patenotte et intitul\u00e9 Habitants-habit\u00e9s au cours duquel les \u00e9l\u00e8ves sont invit\u00e9s \u00e0 explorer les liens qui les lient \u00e0 leur territoire.<br \/>\nIls r\u00e9aliseront une fresque de silhouettes, partiront faire des croquis de lieux rep\u00e9r\u00e9s dans Marmande, inventeront des lieux imaginaires \u00e0 partir de leurs trajets quotidiens et des objets qui les entourent\u2026 Ils vont ainsi pendant trois jours \u00eatre a plong\u00e9s au c\u0153ur de la cr\u00e9ation artistique.<br \/>\nToutes ces r\u00e9alisations seront expos\u00e9es dans le village de Grateloup pendant le salon du livre les 2, 3 et 4 juin prochain.<br \/>\nCarole Chaix pr\u00e9sentera le projet et les cr\u00e9ations aux parents d\u2019\u00e9l\u00e8ves le vendredi 27 novembre \u00e0 17 h 30 et d\u00e9dicacera ses albums \u00e0 la librairie Le Gang de la clef \u00e0 molettes le mercredi 24 novembre de 17 \u00e0 19 h.<\/p>\n","protected":false},"excerpt":{"rendered":"<p>Les mardi 24, jeudi 26 et vendredi 27 novembre, notre coll\u00e8ge re\u00e7oit l\u2019artiste plasticienne Carole Chaix. Cr\u00e9atrice multiforme, Carole Chaix a illustr\u00e9 plusieurs albums de litt\u00e9rature de jeunesse, dont le dernier, Dans la t\u00eate d\u2019Albert, a \u00e9t\u00e9 particuli\u00e8rement salu\u00e9 par la critique. Elle interviendra durant ces trois jours en atelier avec les 6\u00e8me 6 pour &hellip; <a href=\"https:\/\/www.jeanmoulinmarmande.fr\/?p=2168\" class=\"more-link\">Continuer la lecture de <span class=\"screen-reader-text\">En cr\u00e9ation avec Carole Chaix<\/span>  <span class=\"meta-nav\">&rarr;<\/span><\/a><\/p>\n","protected":false},"author":3,"featured_media":0,"comment_status":"closed","ping_status":"open","sticky":false,"template":"","format":"standard","meta":{"ngg_post_thumbnail":0,"footnotes":""},"categories":[40,62,13],"tags":[],"class_list":["post-2168","post","type-post","status-publish","format-standard","hentry","category-francais","category-info-generales","category-pedagogie"],"_links":{"self":[{"href":"https:\/\/www.jeanmoulinmarmande.fr\/index.php?rest_route=\/wp\/v2\/posts\/2168","targetHints":{"allow":["GET"]}}],"collection":[{"href":"https:\/\/www.jeanmoulinmarmande.fr\/index.php?rest_route=\/wp\/v2\/posts"}],"about":[{"href":"https:\/\/www.jeanmoulinmarmande.fr\/index.php?rest_route=\/wp\/v2\/types\/post"}],"author":[{"embeddable":true,"href":"https:\/\/www.jeanmoulinmarmande.fr\/index.php?rest_route=\/wp\/v2\/users\/3"}],"replies":[{"embeddable":true,"href":"https:\/\/www.jeanmoulinmarmande.fr\/index.php?rest_route=%2Fwp%2Fv2%2Fcomments&post=2168"}],"version-history":[{"count":1,"href":"https:\/\/www.jeanmoulinmarmande.fr\/index.php?rest_route=\/wp\/v2\/posts\/2168\/revisions"}],"predecessor-version":[{"id":2169,"href":"https:\/\/www.jeanmoulinmarmande.fr\/index.php?rest_route=\/wp\/v2\/posts\/2168\/revisions\/2169"}],"wp:attachment":[{"href":"https:\/\/www.jeanmoulinmarmande.fr\/index.php?rest_route=%2Fwp%2Fv2%2Fmedia&parent=2168"}],"wp:term":[{"taxonomy":"category","embeddable":true,"href":"https:\/\/www.jeanmoulinmarmande.fr\/index.php?rest_route=%2Fwp%2Fv2%2Fcategories&post=2168"},{"taxonomy":"post_tag","embeddable":true,"href":"https:\/\/www.jeanmoulinmarmande.fr\/index.php?rest_route=%2Fwp%2Fv2%2Ftags&post=2168"}],"curies":[{"name":"wp","href":"https:\/\/api.w.org\/{rel}","templated":true}]}}