{"id":1922,"date":"2015-05-16T15:09:17","date_gmt":"2015-05-16T13:09:17","guid":{"rendered":"http:\/\/www.jeanmoulinmarmande.fr\/?p=1922"},"modified":"2015-05-16T15:09:17","modified_gmt":"2015-05-16T13:09:17","slug":"atelier-theatre-musique-3","status":"publish","type":"post","link":"https:\/\/www.jeanmoulinmarmande.fr\/?p=1922","title":{"rendered":"Atelier th\u00e9\u00e2tre-musique"},"content":{"rendered":"<p><span style=\"font-family: comic sans ms,sans-serif;\">Un groupe de huit \u00e9l\u00e8ves de 6\u00b0, 5\u00b0 et 4\u00b0 travaille sur une pi\u00e8ce de th\u00e9\u00e2tre depuis le d\u00e9but de l\u2019ann\u00e9e : L\u2019Albatros de Fabrice Melquiot. Les \u00e9l\u00e8ves ont des s\u00e9ances le mardi de 13h00 \u00e0 14h00 au coll\u00e8ge avec Mme Douni\u00e9 et Mme Cuch-Expert et le mercredi de 13h00 \u00e0 17h00 au Petit Th\u00e9\u00e2tre avec deux artistes de la Compagnie Prom\u00e9th\u00e9e : Luc Cognet, metteur en sc\u00e8ne et R\u00e9my Deney, com\u00e9dien. Les \u00e9l\u00e8ves s\u2019entra\u00eenent sur le texte, apprennent \u00e0 l\u2019interpr\u00e9ter, \u00e0 jouer la pi\u00e8ce. Cette ann\u00e9e, les \u00e9l\u00e8ves de l\u2019Atelier sont : Joana, Amandine, Gwendoline, Camille, Alicia, Alison, Chlo\u00e9 et le seul gar\u00e7on\u2026 Nicolas !<\/span><br \/>\n<span style=\"font-family: comic sans ms,sans-serif;\"> Les \u00e9l\u00e8ves travaillent beaucoup depuis le d\u00e9but de l\u2019ann\u00e9e pour arriver \u00e0 leur but : vous pr\u00e9senter leur travail au mois de juin. Ce sera le 25 juin au Petit Th\u00e9\u00e2tre !<\/span><\/p>\n<p><span style=\"font-family: comic sans ms,sans-serif;\">Manon Gaillard &#8211; Laura Capdeville.<\/span><\/p>\n<p style=\"text-align: center;\"><strong>R\u00e9p\u00e9titions au Petit Th\u00e9\u00e2tre<br \/>\nngg_shortcode_0_placeholder<\/strong><\/p>\n","protected":false},"excerpt":{"rendered":"<p>Un groupe de huit \u00e9l\u00e8ves de 6\u00b0, 5\u00b0 et 4\u00b0 travaille sur une pi\u00e8ce de th\u00e9\u00e2tre depuis le d\u00e9but de l\u2019ann\u00e9e : L\u2019Albatros de Fabrice Melquiot. Les \u00e9l\u00e8ves ont des s\u00e9ances le mardi de 13h00 \u00e0 14h00 au coll\u00e8ge avec Mme Douni\u00e9 et Mme Cuch-Expert et le mercredi de 13h00 \u00e0 17h00 au Petit Th\u00e9\u00e2tre &hellip; <a href=\"https:\/\/www.jeanmoulinmarmande.fr\/?p=1922\" class=\"more-link\">Continuer la lecture de <span class=\"screen-reader-text\">Atelier th\u00e9\u00e2tre-musique<\/span>  <span class=\"meta-nav\">&rarr;<\/span><\/a><\/p>\n","protected":false},"author":3,"featured_media":1927,"comment_status":"closed","ping_status":"open","sticky":false,"template":"","format":"standard","meta":{"ngg_post_thumbnail":0,"footnotes":""},"categories":[3,5],"tags":[],"class_list":["post-1922","post","type-post","status-publish","format-standard","has-post-thumbnail","hentry","category-activites","category-atelier-theatre-musique"],"_links":{"self":[{"href":"https:\/\/www.jeanmoulinmarmande.fr\/index.php?rest_route=\/wp\/v2\/posts\/1922","targetHints":{"allow":["GET"]}}],"collection":[{"href":"https:\/\/www.jeanmoulinmarmande.fr\/index.php?rest_route=\/wp\/v2\/posts"}],"about":[{"href":"https:\/\/www.jeanmoulinmarmande.fr\/index.php?rest_route=\/wp\/v2\/types\/post"}],"author":[{"embeddable":true,"href":"https:\/\/www.jeanmoulinmarmande.fr\/index.php?rest_route=\/wp\/v2\/users\/3"}],"replies":[{"embeddable":true,"href":"https:\/\/www.jeanmoulinmarmande.fr\/index.php?rest_route=%2Fwp%2Fv2%2Fcomments&post=1922"}],"version-history":[{"count":4,"href":"https:\/\/www.jeanmoulinmarmande.fr\/index.php?rest_route=\/wp\/v2\/posts\/1922\/revisions"}],"predecessor-version":[{"id":1926,"href":"https:\/\/www.jeanmoulinmarmande.fr\/index.php?rest_route=\/wp\/v2\/posts\/1922\/revisions\/1926"}],"wp:featuredmedia":[{"embeddable":true,"href":"https:\/\/www.jeanmoulinmarmande.fr\/index.php?rest_route=\/wp\/v2\/media\/1927"}],"wp:attachment":[{"href":"https:\/\/www.jeanmoulinmarmande.fr\/index.php?rest_route=%2Fwp%2Fv2%2Fmedia&parent=1922"}],"wp:term":[{"taxonomy":"category","embeddable":true,"href":"https:\/\/www.jeanmoulinmarmande.fr\/index.php?rest_route=%2Fwp%2Fv2%2Fcategories&post=1922"},{"taxonomy":"post_tag","embeddable":true,"href":"https:\/\/www.jeanmoulinmarmande.fr\/index.php?rest_route=%2Fwp%2Fv2%2Ftags&post=1922"}],"curies":[{"name":"wp","href":"https:\/\/api.w.org\/{rel}","templated":true}]}}