{"id":1852,"date":"2015-03-07T08:24:52","date_gmt":"2015-03-07T07:24:52","guid":{"rendered":"http:\/\/www.jeanmoulinmarmande.fr\/?p=1852"},"modified":"2015-03-12T10:54:36","modified_gmt":"2015-03-12T09:54:36","slug":"un-jeudi-de-sports","status":"publish","type":"post","link":"https:\/\/www.jeanmoulinmarmande.fr\/?p=1852","title":{"rendered":"Un jeudi de sports"},"content":{"rendered":"<p>Le jeudi 5 mars apr\u00e8s-midi, en pr\u00e9sence du pr\u00e9sident de la f\u00e9d\u00e9ration fran\u00e7aise de Basket Ball M. Jean-Pierre SIUTAT, des autorit\u00e9s acad\u00e9miques et d\u00e9partementales, des parents d&rsquo;\u00e9l\u00e8ves et des \u00e9l\u00e8ves,\u00a0s&rsquo;est d\u00e9roul\u00e9e l&rsquo;inauguration de la future Section Sportive Basket et la remise des m\u00e9dailles aux \u00e9quipes titr\u00e9es en sport scolaire.<\/p>\nngg_shortcode_0_placeholder\n","protected":false},"excerpt":{"rendered":"<p>Le jeudi 5 mars apr\u00e8s-midi, en pr\u00e9sence du pr\u00e9sident de la f\u00e9d\u00e9ration fran\u00e7aise de Basket Ball M. Jean-Pierre SIUTAT, des autorit\u00e9s acad\u00e9miques et d\u00e9partementales, des parents d&rsquo;\u00e9l\u00e8ves et des \u00e9l\u00e8ves,\u00a0s&rsquo;est d\u00e9roul\u00e9e l&rsquo;inauguration de la future Section Sportive Basket et la remise des m\u00e9dailles aux \u00e9quipes titr\u00e9es en sport scolaire. &nbsp;<\/p>\n","protected":false},"author":3,"featured_media":1855,"comment_status":"closed","ping_status":"open","sticky":false,"template":"","format":"standard","meta":{"ngg_post_thumbnail":0,"footnotes":""},"categories":[62],"tags":[],"class_list":["post-1852","post","type-post","status-publish","format-standard","has-post-thumbnail","hentry","category-info-generales"],"_links":{"self":[{"href":"https:\/\/www.jeanmoulinmarmande.fr\/index.php?rest_route=\/wp\/v2\/posts\/1852","targetHints":{"allow":["GET"]}}],"collection":[{"href":"https:\/\/www.jeanmoulinmarmande.fr\/index.php?rest_route=\/wp\/v2\/posts"}],"about":[{"href":"https:\/\/www.jeanmoulinmarmande.fr\/index.php?rest_route=\/wp\/v2\/types\/post"}],"author":[{"embeddable":true,"href":"https:\/\/www.jeanmoulinmarmande.fr\/index.php?rest_route=\/wp\/v2\/users\/3"}],"replies":[{"embeddable":true,"href":"https:\/\/www.jeanmoulinmarmande.fr\/index.php?rest_route=%2Fwp%2Fv2%2Fcomments&post=1852"}],"version-history":[{"count":5,"href":"https:\/\/www.jeanmoulinmarmande.fr\/index.php?rest_route=\/wp\/v2\/posts\/1852\/revisions"}],"predecessor-version":[{"id":1860,"href":"https:\/\/www.jeanmoulinmarmande.fr\/index.php?rest_route=\/wp\/v2\/posts\/1852\/revisions\/1860"}],"wp:featuredmedia":[{"embeddable":true,"href":"https:\/\/www.jeanmoulinmarmande.fr\/index.php?rest_route=\/wp\/v2\/media\/1855"}],"wp:attachment":[{"href":"https:\/\/www.jeanmoulinmarmande.fr\/index.php?rest_route=%2Fwp%2Fv2%2Fmedia&parent=1852"}],"wp:term":[{"taxonomy":"category","embeddable":true,"href":"https:\/\/www.jeanmoulinmarmande.fr\/index.php?rest_route=%2Fwp%2Fv2%2Fcategories&post=1852"},{"taxonomy":"post_tag","embeddable":true,"href":"https:\/\/www.jeanmoulinmarmande.fr\/index.php?rest_route=%2Fwp%2Fv2%2Ftags&post=1852"}],"curies":[{"name":"wp","href":"https:\/\/api.w.org\/{rel}","templated":true}]}}