{"id":1850,"date":"2015-03-04T10:33:26","date_gmt":"2015-03-04T09:33:26","guid":{"rendered":"http:\/\/www.jeanmoulinmarmande.fr\/?p=1850"},"modified":"2015-03-04T10:33:26","modified_gmt":"2015-03-04T09:33:26","slug":"animation-du-foyer-socio-educatif","status":"publish","type":"post","link":"https:\/\/www.jeanmoulinmarmande.fr\/?p=1850","title":{"rendered":"Animation du foyer socio \u00e9ducatif"},"content":{"rendered":"<p>&nbsp;<\/p>\n<p><img loading=\"lazy\" decoding=\"async\" class=\"aligncenter\" src=\"http:\/\/\/upload.wikimedia.org\/wikipedia\/fr\/0\/0b\/Logo-service-civique.png\" alt=\"\" width=\"209\" height=\"89\" \/><\/p>\n<p>Depuis l&rsquo;ann\u00e9e derni\u00e8re le coll\u00e8ge Jean Moulin propose l&rsquo;acc\u00e8s \u00e0 la salle du\u00a0 foyer socio \u00e9ducatif \u00e0 tous les \u00e9l\u00e8ves qui le souhaitent, durant certaines heures d&rsquo;\u00e9tude ou le midi-deux.<\/p>\n<p>Ce temps est encadr\u00e9 par Donovan, un jeune qui effectue un service civique.<\/p>\n<p>Il propose plusieurs types d&rsquo;activit\u00e9s r\u00e9cr\u00e9atives afin d&rsquo;am\u00e9liorer la vie quotidienne des \u00e9l\u00e8ves. Cette ann\u00e9e\u00a0\u00a0 en plus des jeux de soci\u00e9t\u00e9 qui sont d\u00e9j\u00e0 \u00e0 disposition des \u00e9l\u00e8ves il a pu mettre en place\u00a0 le karaok\u00e9 qui consiste \u00e0 chanter au micro avec juste une musique instrumentale sans l&rsquo;accompagnement de la voix du chanteur , le Just Dance qui permet aux \u00e9l\u00e8ves de reproduire des chor\u00e9graphies de danse.<\/p>\n<p>Il propose \u00e9galement la vid\u00e9oprojection de film , et invente ses propres activit\u00e9s comme le jeu du mime qui repose sur l\u2019imagination et d\u00e9veloppe la cr\u00e9ativit\u00e9 par \u00a0 l\u2019interpr\u00e9tation gestuelle d&rsquo;un mot ou l&rsquo;utilisation d&rsquo;un vocabulaire plus soutenu.<\/p>\n<p>L&rsquo;acquisition d&rsquo;un babyfoot est \u00e9galement pr\u00e9vue dans les prochaines semaines.<\/p>\n","protected":false},"excerpt":{"rendered":"<p>&nbsp; Depuis l&rsquo;ann\u00e9e derni\u00e8re le coll\u00e8ge Jean Moulin propose l&rsquo;acc\u00e8s \u00e0 la salle du\u00a0 foyer socio \u00e9ducatif \u00e0 tous les \u00e9l\u00e8ves qui le souhaitent, durant certaines heures d&rsquo;\u00e9tude ou le midi-deux. Ce temps est encadr\u00e9 par Donovan, un jeune qui effectue un service civique. Il propose plusieurs types d&rsquo;activit\u00e9s r\u00e9cr\u00e9atives afin d&rsquo;am\u00e9liorer la vie quotidienne &hellip; <a href=\"https:\/\/www.jeanmoulinmarmande.fr\/?p=1850\" class=\"more-link\">Continuer la lecture de <span class=\"screen-reader-text\">Animation du foyer socio \u00e9ducatif<\/span>  <span class=\"meta-nav\">&rarr;<\/span><\/a><\/p>\n","protected":false},"author":3,"featured_media":0,"comment_status":"closed","ping_status":"open","sticky":false,"template":"","format":"standard","meta":{"ngg_post_thumbnail":0,"footnotes":""},"categories":[3,8,63],"tags":[100,99],"class_list":["post-1850","post","type-post","status-publish","format-standard","hentry","category-activites","category-foyer-socio-educatif","category-vie-scolaire-2","tag-animation","tag-foyer"],"_links":{"self":[{"href":"https:\/\/www.jeanmoulinmarmande.fr\/index.php?rest_route=\/wp\/v2\/posts\/1850","targetHints":{"allow":["GET"]}}],"collection":[{"href":"https:\/\/www.jeanmoulinmarmande.fr\/index.php?rest_route=\/wp\/v2\/posts"}],"about":[{"href":"https:\/\/www.jeanmoulinmarmande.fr\/index.php?rest_route=\/wp\/v2\/types\/post"}],"author":[{"embeddable":true,"href":"https:\/\/www.jeanmoulinmarmande.fr\/index.php?rest_route=\/wp\/v2\/users\/3"}],"replies":[{"embeddable":true,"href":"https:\/\/www.jeanmoulinmarmande.fr\/index.php?rest_route=%2Fwp%2Fv2%2Fcomments&post=1850"}],"version-history":[{"count":1,"href":"https:\/\/www.jeanmoulinmarmande.fr\/index.php?rest_route=\/wp\/v2\/posts\/1850\/revisions"}],"predecessor-version":[{"id":1851,"href":"https:\/\/www.jeanmoulinmarmande.fr\/index.php?rest_route=\/wp\/v2\/posts\/1850\/revisions\/1851"}],"wp:attachment":[{"href":"https:\/\/www.jeanmoulinmarmande.fr\/index.php?rest_route=%2Fwp%2Fv2%2Fmedia&parent=1850"}],"wp:term":[{"taxonomy":"category","embeddable":true,"href":"https:\/\/www.jeanmoulinmarmande.fr\/index.php?rest_route=%2Fwp%2Fv2%2Fcategories&post=1850"},{"taxonomy":"post_tag","embeddable":true,"href":"https:\/\/www.jeanmoulinmarmande.fr\/index.php?rest_route=%2Fwp%2Fv2%2Ftags&post=1850"}],"curies":[{"name":"wp","href":"https:\/\/api.w.org\/{rel}","templated":true}]}}