{"id":1827,"date":"2015-02-02T16:41:38","date_gmt":"2015-02-02T15:41:38","guid":{"rendered":"http:\/\/www.jeanmoulinmarmande.fr\/?p=1827"},"modified":"2015-02-02T17:27:22","modified_gmt":"2015-02-02T16:27:22","slug":"transports-scolaires","status":"publish","type":"post","link":"https:\/\/www.jeanmoulinmarmande.fr\/?p=1827","title":{"rendered":"Transports scolaires"},"content":{"rendered":"<p>En raison des risques m\u00e9t\u00e9o il n&rsquo;y aura pas de transports scolaires le mardi 3 f\u00e9vrier.<\/p>\n<p>Le coll\u00e8ge reste ouvert.<\/p>\n<p><span style=\"font-family: Comic Sans MS;\"><a href=\"http:\/\/www.lot-et-garonne.gouv.fr\/mise-en-vigilance-niveau-orange-pour-chutes-de-a2641.html\" target=\"_blank\">http:\/\/www.lot-et-garonne.<wbr \/>gouv.fr\/mise-en-vigilance-<wbr \/>niveau-orange-pour-chutes-de-<wbr \/>a2641.html<\/a><\/span><\/p>\n","protected":false},"excerpt":{"rendered":"<p>En raison des risques m\u00e9t\u00e9o il n&rsquo;y aura pas de transports scolaires le mardi 3 f\u00e9vrier. Le coll\u00e8ge reste ouvert. http:\/\/www.lot-et-garonne.gouv.fr\/mise-en-vigilance-niveau-orange-pour-chutes-de-a2641.html<\/p>\n","protected":false},"author":3,"featured_media":0,"comment_status":"closed","ping_status":"open","sticky":false,"template":"","format":"standard","meta":{"ngg_post_thumbnail":0,"footnotes":""},"categories":[62],"tags":[],"class_list":["post-1827","post","type-post","status-publish","format-standard","hentry","category-info-generales"],"_links":{"self":[{"href":"https:\/\/www.jeanmoulinmarmande.fr\/index.php?rest_route=\/wp\/v2\/posts\/1827","targetHints":{"allow":["GET"]}}],"collection":[{"href":"https:\/\/www.jeanmoulinmarmande.fr\/index.php?rest_route=\/wp\/v2\/posts"}],"about":[{"href":"https:\/\/www.jeanmoulinmarmande.fr\/index.php?rest_route=\/wp\/v2\/types\/post"}],"author":[{"embeddable":true,"href":"https:\/\/www.jeanmoulinmarmande.fr\/index.php?rest_route=\/wp\/v2\/users\/3"}],"replies":[{"embeddable":true,"href":"https:\/\/www.jeanmoulinmarmande.fr\/index.php?rest_route=%2Fwp%2Fv2%2Fcomments&post=1827"}],"version-history":[{"count":2,"href":"https:\/\/www.jeanmoulinmarmande.fr\/index.php?rest_route=\/wp\/v2\/posts\/1827\/revisions"}],"predecessor-version":[{"id":1829,"href":"https:\/\/www.jeanmoulinmarmande.fr\/index.php?rest_route=\/wp\/v2\/posts\/1827\/revisions\/1829"}],"wp:attachment":[{"href":"https:\/\/www.jeanmoulinmarmande.fr\/index.php?rest_route=%2Fwp%2Fv2%2Fmedia&parent=1827"}],"wp:term":[{"taxonomy":"category","embeddable":true,"href":"https:\/\/www.jeanmoulinmarmande.fr\/index.php?rest_route=%2Fwp%2Fv2%2Fcategories&post=1827"},{"taxonomy":"post_tag","embeddable":true,"href":"https:\/\/www.jeanmoulinmarmande.fr\/index.php?rest_route=%2Fwp%2Fv2%2Ftags&post=1827"}],"curies":[{"name":"wp","href":"https:\/\/api.w.org\/{rel}","templated":true}]}}