{"id":1612,"date":"2014-09-23T19:44:02","date_gmt":"2014-09-23T17:44:02","guid":{"rendered":"http:\/\/www.jeanmoulinmarmande.fr\/?p=1612"},"modified":"2014-09-23T19:45:00","modified_gmt":"2014-09-23T17:45:00","slug":"theatre-musique-leve-le-rideau-sur-une-nouvelle-saison","status":"publish","type":"post","link":"https:\/\/www.jeanmoulinmarmande.fr\/?p=1612","title":{"rendered":"Th\u00e9\u00e2tre-musique l\u00e8ve le rideau sur une nouvelle saison\u2026"},"content":{"rendered":"<p>L&rsquo; atelier Th\u00e9\u00e2tre-musique l\u00e8ve le rideau sur une nouvelle saison\u2026<\/p>\n<p>&nbsp;<\/p>\n<p style=\"text-align: center;\"><span style=\"color: #ff0000; font-size: 18pt;\"><strong>Rendez-vous <\/strong><\/span><br \/>\n<span style=\"color: #ff0000; font-size: 18pt;\"> <strong>MARDI 30 SEPTEMBRE<\/strong><\/span><br \/>\n<span style=\"color: #ff0000; font-size: 18pt;\"> <strong>\u00e0 13h00 <\/strong><\/span><br \/>\n<span style=\"color: #ff0000; font-size: 18pt;\"> <strong>devant la vie scolaire<\/strong><\/span><\/p>\n","protected":false},"excerpt":{"rendered":"<p>L&rsquo; atelier Th\u00e9\u00e2tre-musique l\u00e8ve le rideau sur une nouvelle saison\u2026 &nbsp; Rendez-vous MARDI 30 SEPTEMBRE \u00e0 13h00 devant la vie scolaire<\/p>\n","protected":false},"author":3,"featured_media":1613,"comment_status":"closed","ping_status":"open","sticky":false,"template":"","format":"standard","meta":{"ngg_post_thumbnail":0,"footnotes":""},"categories":[3,5],"tags":[],"class_list":["post-1612","post","type-post","status-publish","format-standard","has-post-thumbnail","hentry","category-activites","category-atelier-theatre-musique"],"_links":{"self":[{"href":"https:\/\/www.jeanmoulinmarmande.fr\/index.php?rest_route=\/wp\/v2\/posts\/1612","targetHints":{"allow":["GET"]}}],"collection":[{"href":"https:\/\/www.jeanmoulinmarmande.fr\/index.php?rest_route=\/wp\/v2\/posts"}],"about":[{"href":"https:\/\/www.jeanmoulinmarmande.fr\/index.php?rest_route=\/wp\/v2\/types\/post"}],"author":[{"embeddable":true,"href":"https:\/\/www.jeanmoulinmarmande.fr\/index.php?rest_route=\/wp\/v2\/users\/3"}],"replies":[{"embeddable":true,"href":"https:\/\/www.jeanmoulinmarmande.fr\/index.php?rest_route=%2Fwp%2Fv2%2Fcomments&post=1612"}],"version-history":[{"count":3,"href":"https:\/\/www.jeanmoulinmarmande.fr\/index.php?rest_route=\/wp\/v2\/posts\/1612\/revisions"}],"predecessor-version":[{"id":1616,"href":"https:\/\/www.jeanmoulinmarmande.fr\/index.php?rest_route=\/wp\/v2\/posts\/1612\/revisions\/1616"}],"wp:featuredmedia":[{"embeddable":true,"href":"https:\/\/www.jeanmoulinmarmande.fr\/index.php?rest_route=\/wp\/v2\/media\/1613"}],"wp:attachment":[{"href":"https:\/\/www.jeanmoulinmarmande.fr\/index.php?rest_route=%2Fwp%2Fv2%2Fmedia&parent=1612"}],"wp:term":[{"taxonomy":"category","embeddable":true,"href":"https:\/\/www.jeanmoulinmarmande.fr\/index.php?rest_route=%2Fwp%2Fv2%2Fcategories&post=1612"},{"taxonomy":"post_tag","embeddable":true,"href":"https:\/\/www.jeanmoulinmarmande.fr\/index.php?rest_route=%2Fwp%2Fv2%2Ftags&post=1612"}],"curies":[{"name":"wp","href":"https:\/\/api.w.org\/{rel}","templated":true}]}}