{"id":1607,"date":"2014-09-22T17:50:17","date_gmt":"2014-09-22T15:50:17","guid":{"rendered":"http:\/\/www.jeanmoulinmarmande.fr\/?p=1607"},"modified":"2014-09-23T19:49:18","modified_gmt":"2014-09-23T17:49:18","slug":"annulation-des-cours-mercredi-8-octobre-8h-a-12h","status":"publish","type":"post","link":"https:\/\/www.jeanmoulinmarmande.fr\/?p=1607","title":{"rendered":"Annulation des cours Mercredi 8 octobre (8h. \u00e0 12h.)"},"content":{"rendered":"<p>Pour permettre aux enseignants de participer \u00e0 la concertation nationale sur le socle de connaissances, de comp\u00e9tences et de culture, le recteur de l&rsquo;acad\u00e9mie de Bordeaux a d\u00e9cid\u00e9 de banaliser une demi-journ\u00e9e pour tous les coll\u00e8ges et \u00e9coles de l&rsquo;acad\u00e9mie.<br \/>\n<strong>La date arr\u00eat\u00e9e est le MERCREDI 8 OCTOBRE 2014.En cons\u00e9quence, tous les cours sont annul\u00e9s de 8h. \u00e0 12h. ce jour l\u00e0.<\/strong><\/p>\n","protected":false},"excerpt":{"rendered":"<p>Pour permettre aux enseignants de participer \u00e0 la concertation nationale sur le socle de connaissances, de comp\u00e9tences et de culture, le recteur de l&rsquo;acad\u00e9mie de Bordeaux a d\u00e9cid\u00e9 de banaliser une demi-journ\u00e9e pour tous les coll\u00e8ges et \u00e9coles de l&rsquo;acad\u00e9mie. La date arr\u00eat\u00e9e est le MERCREDI 8 OCTOBRE 2014.En cons\u00e9quence, tous les cours sont annul\u00e9s &hellip; <a href=\"https:\/\/www.jeanmoulinmarmande.fr\/?p=1607\" class=\"more-link\">Continuer la lecture de <span class=\"screen-reader-text\">Annulation des cours Mercredi 8 octobre (8h. \u00e0 12h.)<\/span>  <span class=\"meta-nav\">&rarr;<\/span><\/a><\/p>\n","protected":false},"author":3,"featured_media":0,"comment_status":"closed","ping_status":"open","sticky":false,"template":"","format":"standard","meta":{"ngg_post_thumbnail":0,"footnotes":""},"categories":[62],"tags":[],"class_list":["post-1607","post","type-post","status-publish","format-standard","hentry","category-info-generales"],"_links":{"self":[{"href":"https:\/\/www.jeanmoulinmarmande.fr\/index.php?rest_route=\/wp\/v2\/posts\/1607","targetHints":{"allow":["GET"]}}],"collection":[{"href":"https:\/\/www.jeanmoulinmarmande.fr\/index.php?rest_route=\/wp\/v2\/posts"}],"about":[{"href":"https:\/\/www.jeanmoulinmarmande.fr\/index.php?rest_route=\/wp\/v2\/types\/post"}],"author":[{"embeddable":true,"href":"https:\/\/www.jeanmoulinmarmande.fr\/index.php?rest_route=\/wp\/v2\/users\/3"}],"replies":[{"embeddable":true,"href":"https:\/\/www.jeanmoulinmarmande.fr\/index.php?rest_route=%2Fwp%2Fv2%2Fcomments&post=1607"}],"version-history":[{"count":1,"href":"https:\/\/www.jeanmoulinmarmande.fr\/index.php?rest_route=\/wp\/v2\/posts\/1607\/revisions"}],"predecessor-version":[{"id":1608,"href":"https:\/\/www.jeanmoulinmarmande.fr\/index.php?rest_route=\/wp\/v2\/posts\/1607\/revisions\/1608"}],"wp:attachment":[{"href":"https:\/\/www.jeanmoulinmarmande.fr\/index.php?rest_route=%2Fwp%2Fv2%2Fmedia&parent=1607"}],"wp:term":[{"taxonomy":"category","embeddable":true,"href":"https:\/\/www.jeanmoulinmarmande.fr\/index.php?rest_route=%2Fwp%2Fv2%2Fcategories&post=1607"},{"taxonomy":"post_tag","embeddable":true,"href":"https:\/\/www.jeanmoulinmarmande.fr\/index.php?rest_route=%2Fwp%2Fv2%2Ftags&post=1607"}],"curies":[{"name":"wp","href":"https:\/\/api.w.org\/{rel}","templated":true}]}}