{"id":1583,"date":"2014-09-17T22:44:58","date_gmt":"2014-09-17T20:44:58","guid":{"rendered":"http:\/\/www.jeanmoulinmarmande.fr\/?p=1583"},"modified":"2014-09-17T22:48:43","modified_gmt":"2014-09-17T20:48:43","slug":"raid-colleges-2014-journee-du-sport-scolaire","status":"publish","type":"post","link":"https:\/\/www.jeanmoulinmarmande.fr\/?p=1583","title":{"rendered":"Raid coll\u00e8ges 2014 journ\u00e9e du sport scolaire"},"content":{"rendered":"<p>8 \u00e9l\u00e8ves du coll\u00e8ge ont particip\u00e9 \u00e0 la journ\u00e9e d\u00e9partementale du sport scolaire sur la base de Cancelles \u00e0 Bo\u00e9 et termin\u00e9 seconde \u00e9quipe du d\u00e9partement.[lire la suite&#8230;]<!--more--><\/p>\n<p>Apr\u00e8s de nombreuse \u00e9preuves se d\u00e9roulant le mardi soir(tirs de pr\u00e9cision en rugby, p\u00e9tanque, freesbee, tir \u00e0 l&rsquo;arc, course d&rsquo;orientation nocturne avec frontale) et le mercredi toute la journ\u00e9e (bike and run avec \u00e9preuves: paddle, kayak, fl\u00e9chettes, rameurs, sarbacanes, VTT et course d&rsquo;orientation)<br \/>\nngg_shortcode_0_placeholder<\/p>\n","protected":false},"excerpt":{"rendered":"<p>8 \u00e9l\u00e8ves du coll\u00e8ge ont particip\u00e9 \u00e0 la journ\u00e9e d\u00e9partementale du sport scolaire sur la base de Cancelles \u00e0 Bo\u00e9 et termin\u00e9 seconde \u00e9quipe du d\u00e9partement.[lire la suite&#8230;]<\/p>\n","protected":false},"author":3,"featured_media":1586,"comment_status":"closed","ping_status":"open","sticky":false,"template":"","format":"standard","meta":{"ngg_post_thumbnail":0,"footnotes":""},"categories":[3,4],"tags":[],"class_list":["post-1583","post","type-post","status-publish","format-standard","has-post-thumbnail","hentry","category-activites","category-association-sportive"],"_links":{"self":[{"href":"https:\/\/www.jeanmoulinmarmande.fr\/index.php?rest_route=\/wp\/v2\/posts\/1583","targetHints":{"allow":["GET"]}}],"collection":[{"href":"https:\/\/www.jeanmoulinmarmande.fr\/index.php?rest_route=\/wp\/v2\/posts"}],"about":[{"href":"https:\/\/www.jeanmoulinmarmande.fr\/index.php?rest_route=\/wp\/v2\/types\/post"}],"author":[{"embeddable":true,"href":"https:\/\/www.jeanmoulinmarmande.fr\/index.php?rest_route=\/wp\/v2\/users\/3"}],"replies":[{"embeddable":true,"href":"https:\/\/www.jeanmoulinmarmande.fr\/index.php?rest_route=%2Fwp%2Fv2%2Fcomments&post=1583"}],"version-history":[{"count":4,"href":"https:\/\/www.jeanmoulinmarmande.fr\/index.php?rest_route=\/wp\/v2\/posts\/1583\/revisions"}],"predecessor-version":[{"id":1588,"href":"https:\/\/www.jeanmoulinmarmande.fr\/index.php?rest_route=\/wp\/v2\/posts\/1583\/revisions\/1588"}],"wp:featuredmedia":[{"embeddable":true,"href":"https:\/\/www.jeanmoulinmarmande.fr\/index.php?rest_route=\/wp\/v2\/media\/1586"}],"wp:attachment":[{"href":"https:\/\/www.jeanmoulinmarmande.fr\/index.php?rest_route=%2Fwp%2Fv2%2Fmedia&parent=1583"}],"wp:term":[{"taxonomy":"category","embeddable":true,"href":"https:\/\/www.jeanmoulinmarmande.fr\/index.php?rest_route=%2Fwp%2Fv2%2Fcategories&post=1583"},{"taxonomy":"post_tag","embeddable":true,"href":"https:\/\/www.jeanmoulinmarmande.fr\/index.php?rest_route=%2Fwp%2Fv2%2Ftags&post=1583"}],"curies":[{"name":"wp","href":"https:\/\/api.w.org\/{rel}","templated":true}]}}