{"id":1476,"date":"2014-06-04T18:35:27","date_gmt":"2014-06-04T16:35:27","guid":{"rendered":"http:\/\/www.jeanmoulinmarmande.fr\/?p=1476"},"modified":"2014-06-10T18:30:46","modified_gmt":"2014-06-10T16:30:46","slug":"concours-de-la-resistance","status":"publish","type":"post","link":"https:\/\/www.jeanmoulinmarmande.fr\/?p=1476","title":{"rendered":"Concours de La R\u00e9sistance"},"content":{"rendered":"<p><a href=\"http:\/\/www.jeanmoulinmarmande.fr\/wp-content\/uploads\/2014\/06\/res2.jpg\" target=\"_blank\"><img loading=\"lazy\" decoding=\"async\" class=\"alignleft wp-image-1479\" src=\"http:\/\/www.jeanmoulinmarmande.fr\/wp-content\/uploads\/2014\/06\/res2-143x150.jpg\" alt=\"res2\" width=\"111\" height=\"116\" srcset=\"https:\/\/www.jeanmoulinmarmande.fr\/wp-content\/uploads\/2014\/06\/res2-143x150.jpg 143w, https:\/\/www.jeanmoulinmarmande.fr\/wp-content\/uploads\/2014\/06\/res2-287x300.jpg 287w, https:\/\/www.jeanmoulinmarmande.fr\/wp-content\/uploads\/2014\/06\/res2.jpg 862w\" sizes=\"auto, (max-width: 111px) 100vw, 111px\" \/><\/a>Bravo pour les \u00e9l\u00e8ves de 3\u00e8me 2 et de 3\u00e8me5 qui se sont investis dans le concours de la R\u00e9sistance pour l&rsquo;ann\u00e9e 2013-2014.<a href=\"http:\/\/www.jeanmoulinmarmande.fr\/wp-content\/uploads\/2014\/06\/res1.jpg\" target=\"_blank\"><img loading=\"lazy\" decoding=\"async\" class=\"alignright wp-image-1478 size-thumbnail\" src=\"http:\/\/www.jeanmoulinmarmande.fr\/wp-content\/uploads\/2014\/06\/res1-150x112.jpg\" alt=\"res1\" width=\"150\" height=\"112\" srcset=\"https:\/\/www.jeanmoulinmarmande.fr\/wp-content\/uploads\/2014\/06\/res1-150x112.jpg 150w, https:\/\/www.jeanmoulinmarmande.fr\/wp-content\/uploads\/2014\/06\/res1-300x225.jpg 300w, https:\/\/www.jeanmoulinmarmande.fr\/wp-content\/uploads\/2014\/06\/res1-1024x768.jpg 1024w, https:\/\/www.jeanmoulinmarmande.fr\/wp-content\/uploads\/2014\/06\/res1.jpg 1632w\" sizes=\"auto, (max-width: 150px) 100vw, 150px\" \/><\/a><\/p>\n<p>L&rsquo;\u00e9quipe constitu\u00e9e par Th\u00e9o Brandinali, Emma Descamps, Estelle Paulay, Fanny Saint-Martin<\/p>\n<p>et Marc-Alexandre Serrat ont gagn\u00e9 le 1er prix du Lot et Garonne et l&rsquo;\u00e9quipe constitu\u00e9e de No\u00e9mie Boito, Julianne<\/p>\n<p>Bonnefoy, Camille Cousin, Justine Hirigoyen et Maud Lombard ont gagn\u00e9 le 3\u00e8me prix.<\/p>\n<p>&nbsp;<\/p>\n","protected":false},"excerpt":{"rendered":"<p>Bravo pour les \u00e9l\u00e8ves de 3\u00e8me 2 et de 3\u00e8me5 qui se sont investis dans le concours de la R\u00e9sistance pour l&rsquo;ann\u00e9e 2013-2014. L&rsquo;\u00e9quipe constitu\u00e9e par Th\u00e9o Brandinali, Emma Descamps, Estelle Paulay, Fanny Saint-Martin et Marc-Alexandre Serrat ont gagn\u00e9 le 1er prix du Lot et Garonne et l&rsquo;\u00e9quipe constitu\u00e9e de No\u00e9mie Boito, Julianne Bonnefoy, Camille &hellip; <a href=\"https:\/\/www.jeanmoulinmarmande.fr\/?p=1476\" class=\"more-link\">Continuer la lecture de <span class=\"screen-reader-text\">Concours de La R\u00e9sistance<\/span>  <span class=\"meta-nav\">&rarr;<\/span><\/a><\/p>\n","protected":false},"author":3,"featured_media":0,"comment_status":"closed","ping_status":"open","sticky":false,"template":"","format":"standard","meta":{"ngg_post_thumbnail":0,"footnotes":""},"categories":[75,62,13],"tags":[],"class_list":["post-1476","post","type-post","status-publish","format-standard","hentry","category-histoire-geographie","category-info-generales","category-pedagogie"],"_links":{"self":[{"href":"https:\/\/www.jeanmoulinmarmande.fr\/index.php?rest_route=\/wp\/v2\/posts\/1476","targetHints":{"allow":["GET"]}}],"collection":[{"href":"https:\/\/www.jeanmoulinmarmande.fr\/index.php?rest_route=\/wp\/v2\/posts"}],"about":[{"href":"https:\/\/www.jeanmoulinmarmande.fr\/index.php?rest_route=\/wp\/v2\/types\/post"}],"author":[{"embeddable":true,"href":"https:\/\/www.jeanmoulinmarmande.fr\/index.php?rest_route=\/wp\/v2\/users\/3"}],"replies":[{"embeddable":true,"href":"https:\/\/www.jeanmoulinmarmande.fr\/index.php?rest_route=%2Fwp%2Fv2%2Fcomments&post=1476"}],"version-history":[{"count":4,"href":"https:\/\/www.jeanmoulinmarmande.fr\/index.php?rest_route=\/wp\/v2\/posts\/1476\/revisions"}],"predecessor-version":[{"id":1490,"href":"https:\/\/www.jeanmoulinmarmande.fr\/index.php?rest_route=\/wp\/v2\/posts\/1476\/revisions\/1490"}],"wp:attachment":[{"href":"https:\/\/www.jeanmoulinmarmande.fr\/index.php?rest_route=%2Fwp%2Fv2%2Fmedia&parent=1476"}],"wp:term":[{"taxonomy":"category","embeddable":true,"href":"https:\/\/www.jeanmoulinmarmande.fr\/index.php?rest_route=%2Fwp%2Fv2%2Fcategories&post=1476"},{"taxonomy":"post_tag","embeddable":true,"href":"https:\/\/www.jeanmoulinmarmande.fr\/index.php?rest_route=%2Fwp%2Fv2%2Ftags&post=1476"}],"curies":[{"name":"wp","href":"https:\/\/api.w.org\/{rel}","templated":true}]}}