{"id":1449,"date":"2014-05-21T21:42:22","date_gmt":"2014-05-21T19:42:22","guid":{"rendered":"http:\/\/www.jeanmoulinmarmande.fr\/?p=1449"},"modified":"2014-05-21T21:42:22","modified_gmt":"2014-05-21T19:42:22","slug":"provence-jour-3","status":"publish","type":"post","link":"https:\/\/www.jeanmoulinmarmande.fr\/?p=1449","title":{"rendered":"Provence jour 3"},"content":{"rendered":"<p>Nous on n&rsquo;a pas eu d&rsquo;orage&#8230;nous avons appris que Marmande avait \u00e9t\u00e9 touch\u00e9e. Ici il fait beau et m\u00eame \u00a0chaud. \u00a0Le programme s&rsquo;est d\u00e9roul\u00e9 normalement. \u00a0Les \u00e9l\u00e8ves ont beaucoup appr\u00e9ci\u00e9 le quartier libre aux Baux. Puis Fontvielle et Arles. Journ\u00e9e un peu charg\u00e9e mais \u00e0 partir de demain le programme devient plus l\u00e9ger avec &#8230;.la Camargue!<\/p>\n","protected":false},"excerpt":{"rendered":"<p>Nous on n&rsquo;a pas eu d&rsquo;orage&#8230;nous avons appris que Marmande avait \u00e9t\u00e9 touch\u00e9e. Ici il fait beau et m\u00eame \u00a0chaud. \u00a0Le programme s&rsquo;est d\u00e9roul\u00e9 normalement. \u00a0Les \u00e9l\u00e8ves ont beaucoup appr\u00e9ci\u00e9 le quartier libre aux Baux. Puis Fontvielle et Arles. Journ\u00e9e un peu charg\u00e9e mais \u00e0 partir de demain le programme devient plus l\u00e9ger avec &#8230;.la &hellip; <a href=\"https:\/\/www.jeanmoulinmarmande.fr\/?p=1449\" class=\"more-link\">Continuer la lecture de <span class=\"screen-reader-text\">Provence jour 3<\/span>  <span class=\"meta-nav\">&rarr;<\/span><\/a><\/p>\n","protected":false},"author":3,"featured_media":0,"comment_status":"closed","ping_status":"open","sticky":false,"template":"","format":"standard","meta":{"ngg_post_thumbnail":0,"footnotes":""},"categories":[62],"tags":[],"class_list":["post-1449","post","type-post","status-publish","format-standard","hentry","category-info-generales"],"_links":{"self":[{"href":"https:\/\/www.jeanmoulinmarmande.fr\/index.php?rest_route=\/wp\/v2\/posts\/1449","targetHints":{"allow":["GET"]}}],"collection":[{"href":"https:\/\/www.jeanmoulinmarmande.fr\/index.php?rest_route=\/wp\/v2\/posts"}],"about":[{"href":"https:\/\/www.jeanmoulinmarmande.fr\/index.php?rest_route=\/wp\/v2\/types\/post"}],"author":[{"embeddable":true,"href":"https:\/\/www.jeanmoulinmarmande.fr\/index.php?rest_route=\/wp\/v2\/users\/3"}],"replies":[{"embeddable":true,"href":"https:\/\/www.jeanmoulinmarmande.fr\/index.php?rest_route=%2Fwp%2Fv2%2Fcomments&post=1449"}],"version-history":[{"count":1,"href":"https:\/\/www.jeanmoulinmarmande.fr\/index.php?rest_route=\/wp\/v2\/posts\/1449\/revisions"}],"predecessor-version":[{"id":1450,"href":"https:\/\/www.jeanmoulinmarmande.fr\/index.php?rest_route=\/wp\/v2\/posts\/1449\/revisions\/1450"}],"wp:attachment":[{"href":"https:\/\/www.jeanmoulinmarmande.fr\/index.php?rest_route=%2Fwp%2Fv2%2Fmedia&parent=1449"}],"wp:term":[{"taxonomy":"category","embeddable":true,"href":"https:\/\/www.jeanmoulinmarmande.fr\/index.php?rest_route=%2Fwp%2Fv2%2Fcategories&post=1449"},{"taxonomy":"post_tag","embeddable":true,"href":"https:\/\/www.jeanmoulinmarmande.fr\/index.php?rest_route=%2Fwp%2Fv2%2Ftags&post=1449"}],"curies":[{"name":"wp","href":"https:\/\/api.w.org\/{rel}","templated":true}]}}