{"id":1413,"date":"2014-04-29T19:09:07","date_gmt":"2014-04-29T17:09:07","guid":{"rendered":"http:\/\/www.jeanmoulinmarmande.fr\/?p=1413"},"modified":"2014-04-29T19:12:56","modified_gmt":"2014-04-29T17:12:56","slug":"le-diplome-national-du-brevet","status":"publish","type":"post","link":"https:\/\/www.jeanmoulinmarmande.fr\/?p=1413","title":{"rendered":"Le Dipl\u00f4me National du Brevet"},"content":{"rendered":"<p>Trois \u00e9l\u00e9ments sont pris en compte pour l&rsquo;obtention du dipl\u00f4me :<\/p>\n<ul>\n<li><b>la ma\u00eetrise du socle commun de connaissances et de comp\u00e9tences, palier 3<\/b>, attest\u00e9e par le \u00ab\u00a0Livret personnel de comp\u00e9tences\u00a0\u00bb ;<\/li>\n<li><b>les notes obtenues \u00e0\u00a0l&rsquo;examen<\/b> <b>du brevet<\/b> compos\u00e9 d&rsquo;une \u00e9preuve orale (coefficient 2) d&rsquo;histoire des arts et de trois \u00e9preuves \u00e9crites : fran\u00e7ais (coefficient 2), math\u00e9matiques (coefficient 2), histoire-g\u00e9ographie-\u00e9ducation civique (coefficient 2) ;<\/li>\n<li><b>les notes de contr\u00f4le continu<\/b>, effectu\u00e9 tout au long de l&rsquo;ann\u00e9e en classe de troisi\u00e8me, dans toutes les disciplines (sauf histoire-g\u00e9ographie-\u00e9ducation civique).<\/li>\n<\/ul>\n<p>Pour les candidats de la s\u00e9rie g\u00e9n\u00e9rale, sont \u00e9galement pris en compte <b>les points sup\u00e9rieurs \u00e0 la moyenne de 10 sur 20 <\/b>obtenus dans <b>l&rsquo;enseignement optionnel facultatif : <\/b><\/p>\n<ul>\n<li>latin<\/li>\n<li>ou option d\u00e9couverte professionnelle 3 heures.<\/li>\n<\/ul>\n<p><b>Pour \u00eatre d\u00e9clar\u00e9s admis, les candidats doivent obtenir une moyenne g\u00e9n\u00e9rale au moins \u00e9gale\u00a0\u00e0 10 sur 20 pour l&rsquo;ensemble des r\u00e9sultats chiffr\u00e9s et la\u00a0ma\u00eetrise du socle commun\u00a0 au palier 3.<\/b><\/p>\n<p>Des mentions sont attribu\u00e9es :<\/p>\n<ul>\n<li>mention \u00ab\u00a0Assez bien\u00a0\u00bb : pour une moyenne comprise entre 12 et 14 sur 20,<\/li>\n<li>mention \u00ab\u00a0Bien\u00a0\u00bb : pour une moyenne comprise entre 14 et 16 sur 20,<\/li>\n<li>mention \u00ab\u00a0Tr\u00e8s bien\u00a0\u00bb : pour une moyenne au-del\u00e0 de 16 sur 20.<\/li>\n<\/ul>\n<p>Les \u00e9l\u00e8ves d\u00e9j\u00e0 boursiers sur crit\u00e8res sociaux qui obtiennent une mention \u00ab\u00a0Bien\u00a0\u00bb ou \u00ab\u00a0Tr\u00e8s bien\u00a0\u00bb peuvent se voir accorder une bourse au m\u00e9rite compl\u00e9mentaire.<\/p>\n<p><b>Pour certains candidats, les modalit\u00e9s de passation des \u00e9preuves sont am\u00e9nag\u00e9es.<\/b><\/p>\n<p align=\"center\"><b>Contr\u00f4le continu et \u00c9ducation physique et sportive<\/b><\/p>\n<p>Depuis la session 2013, la note d&rsquo;EPS au DNB (toutes s\u00e9ries) est la moyenne des notes obtenues sur trois activit\u00e9s physiques sportives et artistiques repr\u00e9sentant trois comp\u00e9tences propres \u00e0 l&rsquo;EPS.<\/p>\n<div>\n<p align=\"center\"><b>Dates des \u00e9preuves pour la session 2014<\/b><\/p>\n<\/div>\n<div>\n<ul>\n<li><span style=\"text-decoration: underline;\">L\u2019\u00e9preuve orale d\u2019Histoire des arts<\/span> aura lieu <b>le 24 juin 2014<\/b>. Les \u00e9l\u00e8ves recevront une convocation et seront lib\u00e9r\u00e9s apr\u00e8s l\u2019\u00e9preuve (20 minutes). Tous les cours sont annul\u00e9s ce jour-l\u00e0.<\/li>\n<li><span style=\"text-decoration: underline;\">Les \u00e9preuves \u00e9crites<\/span> du dipl\u00f4me national du brevet communes \u00e0 tous les candidats ont lieu <b>les jeudi 26 et vendredi 27 juin 2014<\/b>.<\/li>\n<\/ul>\n<\/div>\n<p>D\u2019autres informations sur\u00a0: <a href=\"http:\/\/eduscol.education.fr\/cid46835\/organisation-et-modalites-d-attribution.html\" target=\"_blank\">http:\/\/eduscol.education.fr\/cid46835\/organisation-et-modalites-d-attribution.html<\/a><\/p>\n","protected":false},"excerpt":{"rendered":"<p>Trois \u00e9l\u00e9ments sont pris en compte pour l&rsquo;obtention du dipl\u00f4me : la ma\u00eetrise du socle commun de connaissances et de comp\u00e9tences, palier 3, attest\u00e9e par le \u00ab\u00a0Livret personnel de comp\u00e9tences\u00a0\u00bb ; les notes obtenues \u00e0\u00a0l&rsquo;examen du brevet compos\u00e9 d&rsquo;une \u00e9preuve orale (coefficient 2) d&rsquo;histoire des arts et de trois \u00e9preuves \u00e9crites : fran\u00e7ais (coefficient 2), &hellip; <a href=\"https:\/\/www.jeanmoulinmarmande.fr\/?p=1413\" class=\"more-link\">Continuer la lecture de <span class=\"screen-reader-text\">Le Dipl\u00f4me National du Brevet<\/span>  <span class=\"meta-nav\">&rarr;<\/span><\/a><\/p>\n","protected":false},"author":3,"featured_media":0,"comment_status":"closed","ping_status":"open","sticky":false,"template":"","format":"standard","meta":{"ngg_post_thumbnail":0,"footnotes":""},"categories":[95],"tags":[],"class_list":["post-1413","post","type-post","status-publish","format-standard","hentry","category-dnb"],"_links":{"self":[{"href":"https:\/\/www.jeanmoulinmarmande.fr\/index.php?rest_route=\/wp\/v2\/posts\/1413","targetHints":{"allow":["GET"]}}],"collection":[{"href":"https:\/\/www.jeanmoulinmarmande.fr\/index.php?rest_route=\/wp\/v2\/posts"}],"about":[{"href":"https:\/\/www.jeanmoulinmarmande.fr\/index.php?rest_route=\/wp\/v2\/types\/post"}],"author":[{"embeddable":true,"href":"https:\/\/www.jeanmoulinmarmande.fr\/index.php?rest_route=\/wp\/v2\/users\/3"}],"replies":[{"embeddable":true,"href":"https:\/\/www.jeanmoulinmarmande.fr\/index.php?rest_route=%2Fwp%2Fv2%2Fcomments&post=1413"}],"version-history":[{"count":2,"href":"https:\/\/www.jeanmoulinmarmande.fr\/index.php?rest_route=\/wp\/v2\/posts\/1413\/revisions"}],"predecessor-version":[{"id":1415,"href":"https:\/\/www.jeanmoulinmarmande.fr\/index.php?rest_route=\/wp\/v2\/posts\/1413\/revisions\/1415"}],"wp:attachment":[{"href":"https:\/\/www.jeanmoulinmarmande.fr\/index.php?rest_route=%2Fwp%2Fv2%2Fmedia&parent=1413"}],"wp:term":[{"taxonomy":"category","embeddable":true,"href":"https:\/\/www.jeanmoulinmarmande.fr\/index.php?rest_route=%2Fwp%2Fv2%2Fcategories&post=1413"},{"taxonomy":"post_tag","embeddable":true,"href":"https:\/\/www.jeanmoulinmarmande.fr\/index.php?rest_route=%2Fwp%2Fv2%2Ftags&post=1413"}],"curies":[{"name":"wp","href":"https:\/\/api.w.org\/{rel}","templated":true}]}}