{"id":1409,"date":"2014-04-27T17:04:59","date_gmt":"2014-04-27T15:04:59","guid":{"rendered":"http:\/\/www.jeanmoulinmarmande.fr\/?p=1409"},"modified":"2014-04-27T17:04:59","modified_gmt":"2014-04-27T15:04:59","slug":"sensibilisation-aux-dangers-dinternet","status":"publish","type":"post","link":"https:\/\/www.jeanmoulinmarmande.fr\/?p=1409","title":{"rendered":"Sensibilisation aux dangers d&rsquo;internet"},"content":{"rendered":"<p>Le Coll\u00e8ge Jean Moulin organise <b>vendredi 2 mai<span>\u00a0 <\/span>2014<\/b> une information sur l\u2019usage d\u2019internet et des r\u00e9seaux sociaux, op\u00e9ration appel\u00e9e <b>\u00ab\u00a0G\u00e9n\u00e9ration num\u00e9rique\u00a0\u00bb<\/b>. Elle est organis\u00e9e pour les \u00e9l\u00e8ves de 5<sup>\u00e8me<\/sup> dans la journ\u00e9e et une s\u00e9ance <b>\u00ab\u00a0sp\u00e9cial adultes\u00a0\u00bb aura lieu le soir de 17h \u00e0 18h30 salle de conf\u00e9rences et s\u2019adresse \u00e0 tous les parents du coll\u00e8ge. Venez nombreux.<\/b><\/p>\n","protected":false},"excerpt":{"rendered":"<p>Le Coll\u00e8ge Jean Moulin organise vendredi 2 mai\u00a0 2014 une information sur l\u2019usage d\u2019internet et des r\u00e9seaux sociaux, op\u00e9ration appel\u00e9e \u00ab\u00a0G\u00e9n\u00e9ration num\u00e9rique\u00a0\u00bb. Elle est organis\u00e9e pour les \u00e9l\u00e8ves de 5\u00e8me dans la journ\u00e9e et une s\u00e9ance \u00ab\u00a0sp\u00e9cial adultes\u00a0\u00bb aura lieu le soir de 17h \u00e0 18h30 salle de conf\u00e9rences et s\u2019adresse \u00e0 tous les parents &hellip; <a href=\"https:\/\/www.jeanmoulinmarmande.fr\/?p=1409\" class=\"more-link\">Continuer la lecture de <span class=\"screen-reader-text\">Sensibilisation aux dangers d&rsquo;internet<\/span>  <span class=\"meta-nav\">&rarr;<\/span><\/a><\/p>\n","protected":false},"author":3,"featured_media":0,"comment_status":"closed","ping_status":"open","sticky":false,"template":"","format":"standard","meta":{"ngg_post_thumbnail":0,"footnotes":""},"categories":[8,62,63],"tags":[],"class_list":["post-1409","post","type-post","status-publish","format-standard","hentry","category-foyer-socio-educatif","category-info-generales","category-vie-scolaire-2"],"_links":{"self":[{"href":"https:\/\/www.jeanmoulinmarmande.fr\/index.php?rest_route=\/wp\/v2\/posts\/1409","targetHints":{"allow":["GET"]}}],"collection":[{"href":"https:\/\/www.jeanmoulinmarmande.fr\/index.php?rest_route=\/wp\/v2\/posts"}],"about":[{"href":"https:\/\/www.jeanmoulinmarmande.fr\/index.php?rest_route=\/wp\/v2\/types\/post"}],"author":[{"embeddable":true,"href":"https:\/\/www.jeanmoulinmarmande.fr\/index.php?rest_route=\/wp\/v2\/users\/3"}],"replies":[{"embeddable":true,"href":"https:\/\/www.jeanmoulinmarmande.fr\/index.php?rest_route=%2Fwp%2Fv2%2Fcomments&post=1409"}],"version-history":[{"count":2,"href":"https:\/\/www.jeanmoulinmarmande.fr\/index.php?rest_route=\/wp\/v2\/posts\/1409\/revisions"}],"predecessor-version":[{"id":1411,"href":"https:\/\/www.jeanmoulinmarmande.fr\/index.php?rest_route=\/wp\/v2\/posts\/1409\/revisions\/1411"}],"wp:attachment":[{"href":"https:\/\/www.jeanmoulinmarmande.fr\/index.php?rest_route=%2Fwp%2Fv2%2Fmedia&parent=1409"}],"wp:term":[{"taxonomy":"category","embeddable":true,"href":"https:\/\/www.jeanmoulinmarmande.fr\/index.php?rest_route=%2Fwp%2Fv2%2Fcategories&post=1409"},{"taxonomy":"post_tag","embeddable":true,"href":"https:\/\/www.jeanmoulinmarmande.fr\/index.php?rest_route=%2Fwp%2Fv2%2Ftags&post=1409"}],"curies":[{"name":"wp","href":"https:\/\/api.w.org\/{rel}","templated":true}]}}