{"id":1396,"date":"2014-04-06T18:34:59","date_gmt":"2014-04-06T16:34:59","guid":{"rendered":"http:\/\/www.jeanmoulinmarmande.fr\/?p=1396"},"modified":"2014-04-06T18:50:00","modified_gmt":"2014-04-06T16:50:00","slug":"journee-portes-ouvertes-2","status":"publish","type":"post","link":"https:\/\/www.jeanmoulinmarmande.fr\/?p=1396","title":{"rendered":"Journ\u00e9e Portes Ouvertes"},"content":{"rendered":"<p>Samedi 5 avril, le Coll\u00e8ge Jean Moulin proposait aux parent et \u00e0 leurs enfants, futurs \u00e9l\u00e8ves de 6\u00e8me sa Journ\u00e9e Portes Ouverte.<\/p>\n<p>Tout au long de la matin\u00e9e, tr\u00e8s nombreux furent celles et ceux qui r\u00e9pondirent \u00e0 cette invitation. Accueillis par du caf\u00e9, th\u00e9 et viennoiseries, les groupes furent pris en main par des enseignants qui leur pr\u00e9sent\u00e8rent les diverses r\u00e9alisations et animations concoct\u00e9es par les diff\u00e9rentes \u00e9quipes p\u00e9dagogiques.<\/p>\n<p>Tout le monde est reparti tr\u00e8s satisfait de cette visite qui participe \u00e0 une meilleure connaissance des locaux et des professeurs pour l&rsquo;an prochain \ud83d\ude42<\/p>\n<p style=\"text-align: center;\">ngg_shortcode_0_placeholder<\/p>\n","protected":false},"excerpt":{"rendered":"<p>Samedi 5 avril, le Coll\u00e8ge Jean Moulin proposait aux parent et \u00e0 leurs enfants, futurs \u00e9l\u00e8ves de 6\u00e8me sa Journ\u00e9e Portes Ouverte. Tout au long de la matin\u00e9e, tr\u00e8s nombreux furent celles et ceux qui r\u00e9pondirent \u00e0 cette invitation. Accueillis par du caf\u00e9, th\u00e9 et viennoiseries, les groupes furent pris en main par des enseignants &hellip; <a href=\"https:\/\/www.jeanmoulinmarmande.fr\/?p=1396\" class=\"more-link\">Continuer la lecture de <span class=\"screen-reader-text\">Journ\u00e9e Portes Ouvertes<\/span>  <span class=\"meta-nav\">&rarr;<\/span><\/a><\/p>\n","protected":false},"author":3,"featured_media":1399,"comment_status":"closed","ping_status":"open","sticky":false,"template":"","format":"standard","meta":{"ngg_post_thumbnail":0,"footnotes":""},"categories":[62],"tags":[],"class_list":["post-1396","post","type-post","status-publish","format-standard","has-post-thumbnail","hentry","category-info-generales"],"_links":{"self":[{"href":"https:\/\/www.jeanmoulinmarmande.fr\/index.php?rest_route=\/wp\/v2\/posts\/1396","targetHints":{"allow":["GET"]}}],"collection":[{"href":"https:\/\/www.jeanmoulinmarmande.fr\/index.php?rest_route=\/wp\/v2\/posts"}],"about":[{"href":"https:\/\/www.jeanmoulinmarmande.fr\/index.php?rest_route=\/wp\/v2\/types\/post"}],"author":[{"embeddable":true,"href":"https:\/\/www.jeanmoulinmarmande.fr\/index.php?rest_route=\/wp\/v2\/users\/3"}],"replies":[{"embeddable":true,"href":"https:\/\/www.jeanmoulinmarmande.fr\/index.php?rest_route=%2Fwp%2Fv2%2Fcomments&post=1396"}],"version-history":[{"count":2,"href":"https:\/\/www.jeanmoulinmarmande.fr\/index.php?rest_route=\/wp\/v2\/posts\/1396\/revisions"}],"predecessor-version":[{"id":1398,"href":"https:\/\/www.jeanmoulinmarmande.fr\/index.php?rest_route=\/wp\/v2\/posts\/1396\/revisions\/1398"}],"wp:featuredmedia":[{"embeddable":true,"href":"https:\/\/www.jeanmoulinmarmande.fr\/index.php?rest_route=\/wp\/v2\/media\/1399"}],"wp:attachment":[{"href":"https:\/\/www.jeanmoulinmarmande.fr\/index.php?rest_route=%2Fwp%2Fv2%2Fmedia&parent=1396"}],"wp:term":[{"taxonomy":"category","embeddable":true,"href":"https:\/\/www.jeanmoulinmarmande.fr\/index.php?rest_route=%2Fwp%2Fv2%2Fcategories&post=1396"},{"taxonomy":"post_tag","embeddable":true,"href":"https:\/\/www.jeanmoulinmarmande.fr\/index.php?rest_route=%2Fwp%2Fv2%2Ftags&post=1396"}],"curies":[{"name":"wp","href":"https:\/\/api.w.org\/{rel}","templated":true}]}}