{"id":1384,"date":"2014-04-02T12:55:45","date_gmt":"2014-04-02T10:55:45","guid":{"rendered":"http:\/\/www.jeanmoulinmarmande.fr\/?p=1384"},"modified":"2014-04-02T12:55:45","modified_gmt":"2014-04-02T10:55:45","slug":"college-jean-moulin-sportifs-et-solidaires","status":"publish","type":"post","link":"https:\/\/www.jeanmoulinmarmande.fr\/?p=1384","title":{"rendered":"Coll\u00e8ge Jean moulin : Sportifs et solidaires"},"content":{"rendered":"<p><!--[if gte mso 9]><xml>\n<w:WordDocument>\n<w:View>Normal<\/w:View>\n<w:Zoom>0<\/w:Zoom>\n<w:TrackMoves\/>\n<w:TrackFormatting\/>\n<w:HyphenationZone>21<\/w:HyphenationZone>\n<w:PunctuationKerning\/>\n<w:ValidateAgainstSchemas\/>\n<w:SaveIfXMLInvalid>false<\/w:SaveIfXMLInvalid>\n<w:IgnoreMixedContent>false<\/w:IgnoreMixedContent>\n<w:AlwaysShowPlaceholderText>false<\/w:AlwaysShowPlaceholderText>\n<w:DoNotPromoteQF\/>\n<w:LidThemeOther>FR<\/w:LidThemeOther>\n<w:LidThemeAsian>X-NONE<\/w:LidThemeAsian>\n<w:LidThemeComplexScript>X-NONE<\/w:LidThemeComplexScript>\n<w:Compatibility>\n<w:BreakWrappedTables\/>\n<w:SnapToGridInCell\/>\n<w:WrapTextWithPunct\/>\n<w:UseAsianBreakRules\/>\n<w:DontGrowAutofit\/>\n<w:SplitPgBreakAndParaMark\/>\n<w:DontVertAlignCellWithSp\/>\n<w:DontBreakConstrainedForcedTables\/>\n<w:DontVertAlignInTxbx\/>\n<w:Word11KerningPairs\/>\n<w:CachedColBalance\/>\n<\/w:Compatibility>\n<w:BrowserLevel>MicrosoftInternetExplorer4<\/w:BrowserLevel>\n<m:mathPr>\n<m:mathFont m:val=\"Cambria Math\"\/>\n<m:brkBin m:val=\"before\"\/>\n<m:brkBinSub m:val=\"&#45;-\"\/>\n<m:smallFrac m:val=\"off\"\/>\n<m:dispDef\/>\n<m:lMargin m:val=\"0\"\/>\n<m:rMargin m:val=\"0\"\/>\n<m:defJc m:val=\"centerGroup\"\/>\n<m:wrapIndent m:val=\"1440\"\/>\n<m:intLim m:val=\"subSup\"\/>\n<m:naryLim m:val=\"undOvr\"\/>\n<\/m:mathPr><\/w:WordDocument>\n<\/xml><![endif]--><\/p>\n<p>Ce vendredi comme ils le font d\u00e9sormais chaque ann\u00e9e environ 200 \u00e9l\u00e8ves volontaires du coll\u00e8ge se sont \u00e9lanc\u00e9s pour la \u00ab\u00a0Course contre la faim\u00a0\u00bb. Initi\u00e9s par des b\u00e9n\u00e9voles de l\u2019ONG Action contre la faim qui les ont sensibilis\u00e9s \u00e0 la mis\u00e8re du monde, -cette ann\u00e9e le pays mis en exergue \u00e9tait Madagascar- les \u00e9l\u00e8ves ont cherch\u00e9 des sponsors pour financer chaque kilom\u00e8tre<span style=\"mso-spacerun: yes;\">\u00a0 <\/span>couru. L\u2019exploit sportif accompli, -beaucoup ont couru les 10kms propos\u00e9s-<span style=\"mso-spacerun: yes;\">\u00a0 <\/span>ils vont maintenant revenir vers leurs sponsors pour r\u00e9aliser les promesses de dons et apporter ainsi leur petite pierre \u00e0 la lutte contre la faim dans le monde.<\/p>\n<p><a href=\"http:\/\/www.jeanmoulinmarmande.fr\/wp-content\/uploads\/2014\/04\/le-depart-de-la-course.jpg\"><img loading=\"lazy\" decoding=\"async\" class=\"alignnone size-thumbnail wp-image-1386\" alt=\"le depart de la course\" src=\"http:\/\/www.jeanmoulinmarmande.fr\/wp-content\/uploads\/2014\/04\/le-depart-de-la-course-150x112.jpg\" width=\"150\" height=\"112\" srcset=\"https:\/\/www.jeanmoulinmarmande.fr\/wp-content\/uploads\/2014\/04\/le-depart-de-la-course-150x112.jpg 150w, https:\/\/www.jeanmoulinmarmande.fr\/wp-content\/uploads\/2014\/04\/le-depart-de-la-course-300x225.jpg 300w, https:\/\/www.jeanmoulinmarmande.fr\/wp-content\/uploads\/2014\/04\/le-depart-de-la-course.jpg 800w\" sizes=\"auto, (max-width: 150px) 100vw, 150px\" \/><\/a><\/p>\n","protected":false},"excerpt":{"rendered":"<p>Ce vendredi comme ils le font d\u00e9sormais chaque ann\u00e9e environ 200 \u00e9l\u00e8ves volontaires du coll\u00e8ge se sont \u00e9lanc\u00e9s pour la \u00ab\u00a0Course contre la faim\u00a0\u00bb. Initi\u00e9s par des b\u00e9n\u00e9voles de l\u2019ONG Action contre la faim qui les ont sensibilis\u00e9s \u00e0 la mis\u00e8re du monde, -cette ann\u00e9e le pays mis en exergue \u00e9tait Madagascar- les \u00e9l\u00e8ves ont &hellip; <a href=\"https:\/\/www.jeanmoulinmarmande.fr\/?p=1384\" class=\"more-link\">Continuer la lecture de <span class=\"screen-reader-text\">Coll\u00e8ge Jean moulin : Sportifs et solidaires<\/span>  <span class=\"meta-nav\">&rarr;<\/span><\/a><\/p>\n","protected":false},"author":3,"featured_media":1386,"comment_status":"closed","ping_status":"open","sticky":false,"template":"","format":"standard","meta":{"ngg_post_thumbnail":0,"footnotes":""},"categories":[3,64,63],"tags":[],"class_list":["post-1384","post","type-post","status-publish","format-standard","has-post-thumbnail","hentry","category-activites","category-projets-divers","category-vie-scolaire-2"],"_links":{"self":[{"href":"https:\/\/www.jeanmoulinmarmande.fr\/index.php?rest_route=\/wp\/v2\/posts\/1384","targetHints":{"allow":["GET"]}}],"collection":[{"href":"https:\/\/www.jeanmoulinmarmande.fr\/index.php?rest_route=\/wp\/v2\/posts"}],"about":[{"href":"https:\/\/www.jeanmoulinmarmande.fr\/index.php?rest_route=\/wp\/v2\/types\/post"}],"author":[{"embeddable":true,"href":"https:\/\/www.jeanmoulinmarmande.fr\/index.php?rest_route=\/wp\/v2\/users\/3"}],"replies":[{"embeddable":true,"href":"https:\/\/www.jeanmoulinmarmande.fr\/index.php?rest_route=%2Fwp%2Fv2%2Fcomments&post=1384"}],"version-history":[{"count":2,"href":"https:\/\/www.jeanmoulinmarmande.fr\/index.php?rest_route=\/wp\/v2\/posts\/1384\/revisions"}],"predecessor-version":[{"id":1387,"href":"https:\/\/www.jeanmoulinmarmande.fr\/index.php?rest_route=\/wp\/v2\/posts\/1384\/revisions\/1387"}],"wp:featuredmedia":[{"embeddable":true,"href":"https:\/\/www.jeanmoulinmarmande.fr\/index.php?rest_route=\/wp\/v2\/media\/1386"}],"wp:attachment":[{"href":"https:\/\/www.jeanmoulinmarmande.fr\/index.php?rest_route=%2Fwp%2Fv2%2Fmedia&parent=1384"}],"wp:term":[{"taxonomy":"category","embeddable":true,"href":"https:\/\/www.jeanmoulinmarmande.fr\/index.php?rest_route=%2Fwp%2Fv2%2Fcategories&post=1384"},{"taxonomy":"post_tag","embeddable":true,"href":"https:\/\/www.jeanmoulinmarmande.fr\/index.php?rest_route=%2Fwp%2Fv2%2Ftags&post=1384"}],"curies":[{"name":"wp","href":"https:\/\/api.w.org\/{rel}","templated":true}]}}