{"id":1364,"date":"2014-03-21T11:39:40","date_gmt":"2014-03-21T10:39:40","guid":{"rendered":"http:\/\/www.jeanmoulinmarmande.fr\/?p=1364"},"modified":"2014-03-21T11:39:40","modified_gmt":"2014-03-21T10:39:40","slug":"voyage-en-provence-3","status":"publish","type":"post","link":"https:\/\/www.jeanmoulinmarmande.fr\/?p=1364","title":{"rendered":"Voyage en Provence"},"content":{"rendered":"<p style=\"text-align: justify\"><strong>Il aura lieu du 19 au 24 mai et concerne 45 \u00e9l\u00e8ves de 5\u00e8me 4, 5\u00e8me5 et 5\u00e8me 6.<\/strong><\/p>\n<p style=\"text-align: justify\"><strong><span style=\"font-size: 16px\">Une r\u00e9union d&rsquo;information aura lieu au coll\u00e8ge\u00a0 pour les parents concern\u00e9s le lundi 5 mai \u00e0 18h<\/span><\/strong><\/p>\n<p style=\"text-align: justify\">En lien ci dessous le projet p\u00e9dagogique et le programme.<\/p>\n<p style=\"text-align: justify\"><a href=\"http:\/\/www.jeanmoulinmarmande.fr\/wp-content\/uploads\/2014\/03\/Projet-p\u00e9dagogique.doc\">Projet p\u00e9dagogique<\/a><\/p>\n<p style=\"text-align: justify\"><a href=\"http:\/\/www.jeanmoulinmarmande.fr\/wp-content\/uploads\/2014\/03\/PROVENCE-2014-programme.doc\">PROVENCE 2014 programme<\/a><\/p>\n","protected":false},"excerpt":{"rendered":"<p>Il aura lieu du 19 au 24 mai et concerne 45 \u00e9l\u00e8ves de 5\u00e8me 4, 5\u00e8me5 et 5\u00e8me 6. Une r\u00e9union d&rsquo;information aura lieu au coll\u00e8ge\u00a0 pour les parents concern\u00e9s le lundi 5 mai \u00e0 18h En lien ci dessous le projet p\u00e9dagogique et le programme. Projet p\u00e9dagogique PROVENCE 2014 programme<\/p>\n","protected":false},"author":3,"featured_media":0,"comment_status":"closed","ping_status":"open","sticky":false,"template":"","format":"standard","meta":{"ngg_post_thumbnail":0,"footnotes":""},"categories":[76],"tags":[],"class_list":["post-1364","post","type-post","status-publish","format-standard","hentry","category-sortie-en-provence"],"_links":{"self":[{"href":"https:\/\/www.jeanmoulinmarmande.fr\/index.php?rest_route=\/wp\/v2\/posts\/1364","targetHints":{"allow":["GET"]}}],"collection":[{"href":"https:\/\/www.jeanmoulinmarmande.fr\/index.php?rest_route=\/wp\/v2\/posts"}],"about":[{"href":"https:\/\/www.jeanmoulinmarmande.fr\/index.php?rest_route=\/wp\/v2\/types\/post"}],"author":[{"embeddable":true,"href":"https:\/\/www.jeanmoulinmarmande.fr\/index.php?rest_route=\/wp\/v2\/users\/3"}],"replies":[{"embeddable":true,"href":"https:\/\/www.jeanmoulinmarmande.fr\/index.php?rest_route=%2Fwp%2Fv2%2Fcomments&post=1364"}],"version-history":[{"count":2,"href":"https:\/\/www.jeanmoulinmarmande.fr\/index.php?rest_route=\/wp\/v2\/posts\/1364\/revisions"}],"predecessor-version":[{"id":1366,"href":"https:\/\/www.jeanmoulinmarmande.fr\/index.php?rest_route=\/wp\/v2\/posts\/1364\/revisions\/1366"}],"wp:attachment":[{"href":"https:\/\/www.jeanmoulinmarmande.fr\/index.php?rest_route=%2Fwp%2Fv2%2Fmedia&parent=1364"}],"wp:term":[{"taxonomy":"category","embeddable":true,"href":"https:\/\/www.jeanmoulinmarmande.fr\/index.php?rest_route=%2Fwp%2Fv2%2Fcategories&post=1364"},{"taxonomy":"post_tag","embeddable":true,"href":"https:\/\/www.jeanmoulinmarmande.fr\/index.php?rest_route=%2Fwp%2Fv2%2Ftags&post=1364"}],"curies":[{"name":"wp","href":"https:\/\/api.w.org\/{rel}","templated":true}]}}