{"id":1143,"date":"2013-10-13T10:12:50","date_gmt":"2013-10-13T08:12:50","guid":{"rendered":"http:\/\/www.jeanmoulinmarmande.fr\/?p=1143"},"modified":"2013-10-13T20:51:48","modified_gmt":"2013-10-13T18:51:48","slug":"cross","status":"publish","type":"post","link":"https:\/\/www.jeanmoulinmarmande.fr\/?p=1143","title":{"rendered":"Cross"},"content":{"rendered":"<p>Le cross du coll\u00e8ge s&rsquo;est d\u00e9roul\u00e9 le vendredi 11 octobre par une fra\u00eeche matin\u00e9e d&rsquo;octobre. Il a r\u00e9uni tous les \u00e9l\u00e8ves de Jean Moulin dans 4 courses diff\u00e9rentes selon l&rsquo;\u00e2ge des concurents.<\/p>\n<h3 style=\"text-align: center;\"><span style=\"text-decoration: underline;\"><span style=\"color: #ff0000; text-decoration: underline;\">CLASSEMENT INDIVIDUEL<\/span><\/span><\/h3>\n<p style=\"text-align: center;\"><strong><span style=\"color: #ff99cc;\">Pour les classes de 4\u00e8me et 3\u00e8me filles :<\/span><\/strong><\/p>\n<p style=\"text-align: center;\"><strong><span style=\"color: #008000;\">1\u00e8re : BIERS Emilie de 3e5<\/span><\/strong><\/p>\n<p style=\"text-align: center;\"><strong><span style=\"color: #008000;\">2\u00e8me : BRAAK Andrea de 3e3<\/span><\/strong><\/p>\n<p style=\"text-align: center;\"><strong><span style=\"color: #008000;\">3\u00e8me : DIBOIS Laurie de 3e4<\/span><\/strong><\/p>\n<p style=\"text-align: center;\">ngg_shortcode_0_placeholder<\/p>\n<p style=\"text-align: center;\"><span style=\"color: #3366ff;\"><strong>Pour les classes de 4\u00e8me et 3\u00e8me gar\u00e7ons :<\/strong><\/span><\/p>\n<p style=\"text-align: center;\"><strong><span style=\"color: #008000;\">1er : COUZIGOU Baptiste de 4e4<\/span><\/strong><\/p>\n<p style=\"text-align: center;\"><strong><span style=\"color: #008000;\">2\u00e8me : DA SILVA CO Igor de 4e3<\/span><\/strong><\/p>\n<p style=\"text-align: center;\"><strong><span style=\"color: #008000;\">3\u00e8me : PONTREAU Samuel de4e6<\/span><\/strong><\/p>\n<p style=\"text-align: center;\">ngg_shortcode_1_placeholder<\/p>\n<p style=\"text-align: center;\"><span style=\"color: #ff99cc;\"><strong>Pour les classes de 5\u00e8me et 6\u00e8me filles :<\/strong><\/span><\/p>\n<p style=\"text-align: center;\"><strong><span style=\"color: #008000;\">1\u00e8re : HERNANDEZ Charlotte de 5e5<\/span><\/strong><\/p>\n<p style=\"text-align: center;\"><strong><span style=\"color: #008000;\">2\u00e8me : PARIS Aurore de 5e5<\/span><\/strong><\/p>\n<p style=\"text-align: center;\"><span style=\"color: #008000;\"><strong>3\u00e8me : COLEMARD Loann de\u00a05e2<\/strong><\/span><\/p>\n<p style=\"text-align: center;\">ngg_shortcode_2_placeholder<\/p>\n<p style=\"text-align: center;\"><strong><span style=\"color: #3366ff;\">Pour les classes de 5\u00e8me et 6\u00e8me gar\u00e7ons :<\/span><\/strong><\/p>\n<p style=\"text-align: center;\"><strong><span style=\"color: #008000;\">1er : GANEM Yann de \u00a05e6<\/span><\/strong><\/p>\n<p style=\"text-align: center;\"><strong><span style=\"color: #008000;\">2\u00e8me :\u00a0BENDAOUD Yassine de 5e7<\/span><\/strong><\/p>\n<p style=\"text-align: center;\"><strong><span style=\"color: #008000;\">3\u00e8me :\u00a0PINTO TEIXEIRA Mathieu de\u00a05e1<\/span><\/strong><\/p>\n<p style=\"text-align: center;\">ngg_shortcode_3_placeholder<\/p>\n<p>\u00a0Un grand merci \u00e0 toutes celles et ceux qui ont permis la bonne r\u00e9alisation de cette op\u00e9ration et merci au journal Le R\u00e9publicain pour sa pr\u00e9sence. <a href=\"http:\/\/www.lerepublicain.net\/le-college-jean-moulin-en-piste_13678\/\" target=\"_blank\">Article \u00e0 lire <\/a><\/p>\n<p>&nbsp;<\/p>\n<p>&nbsp;<\/p>\n<p>&nbsp;<\/p>\n","protected":false},"excerpt":{"rendered":"<p>Le cross du coll\u00e8ge s&rsquo;est d\u00e9roul\u00e9 le vendredi 11 octobre par une fra\u00eeche matin\u00e9e d&rsquo;octobre. Il a r\u00e9uni tous les \u00e9l\u00e8ves de Jean Moulin dans 4 courses diff\u00e9rentes selon l&rsquo;\u00e2ge des concurents. CLASSEMENT INDIVIDUEL Pour les classes de 4\u00e8me et 3\u00e8me filles : 1\u00e8re : BIERS Emilie de 3e5 2\u00e8me : BRAAK Andrea de 3e3 &hellip; <a href=\"https:\/\/www.jeanmoulinmarmande.fr\/?p=1143\" class=\"more-link\">Continuer la lecture de <span class=\"screen-reader-text\">Cross<\/span>  <span class=\"meta-nav\">&rarr;<\/span><\/a><\/p>\n","protected":false},"author":3,"featured_media":0,"comment_status":"closed","ping_status":"open","sticky":false,"template":"","format":"standard","meta":{"ngg_post_thumbnail":0,"footnotes":""},"categories":[3,4,38,62,13],"tags":[],"class_list":["post-1143","post","type-post","status-publish","format-standard","hentry","category-activites","category-association-sportive","category-education-physique-et-sportive","category-info-generales","category-pedagogie"],"_links":{"self":[{"href":"https:\/\/www.jeanmoulinmarmande.fr\/index.php?rest_route=\/wp\/v2\/posts\/1143","targetHints":{"allow":["GET"]}}],"collection":[{"href":"https:\/\/www.jeanmoulinmarmande.fr\/index.php?rest_route=\/wp\/v2\/posts"}],"about":[{"href":"https:\/\/www.jeanmoulinmarmande.fr\/index.php?rest_route=\/wp\/v2\/types\/post"}],"author":[{"embeddable":true,"href":"https:\/\/www.jeanmoulinmarmande.fr\/index.php?rest_route=\/wp\/v2\/users\/3"}],"replies":[{"embeddable":true,"href":"https:\/\/www.jeanmoulinmarmande.fr\/index.php?rest_route=%2Fwp%2Fv2%2Fcomments&post=1143"}],"version-history":[{"count":9,"href":"https:\/\/www.jeanmoulinmarmande.fr\/index.php?rest_route=\/wp\/v2\/posts\/1143\/revisions"}],"predecessor-version":[{"id":1152,"href":"https:\/\/www.jeanmoulinmarmande.fr\/index.php?rest_route=\/wp\/v2\/posts\/1143\/revisions\/1152"}],"wp:attachment":[{"href":"https:\/\/www.jeanmoulinmarmande.fr\/index.php?rest_route=%2Fwp%2Fv2%2Fmedia&parent=1143"}],"wp:term":[{"taxonomy":"category","embeddable":true,"href":"https:\/\/www.jeanmoulinmarmande.fr\/index.php?rest_route=%2Fwp%2Fv2%2Fcategories&post=1143"},{"taxonomy":"post_tag","embeddable":true,"href":"https:\/\/www.jeanmoulinmarmande.fr\/index.php?rest_route=%2Fwp%2Fv2%2Ftags&post=1143"}],"curies":[{"name":"wp","href":"https:\/\/api.w.org\/{rel}","templated":true}]}}