{"id":1116,"date":"2013-10-10T16:48:13","date_gmt":"2013-10-10T14:48:13","guid":{"rendered":"http:\/\/www.jeanmoulinmarmande.fr\/?p=1116"},"modified":"2013-10-10T16:58:39","modified_gmt":"2013-10-10T14:58:39","slug":"journee-des-sciences-les-sorties-du-matin","status":"publish","type":"post","link":"https:\/\/www.jeanmoulinmarmande.fr\/?p=1116","title":{"rendered":"Journ\u00e9e des sciences : les sorties du matin"},"content":{"rendered":"<p>&nbsp;<\/p>\n<p>&nbsp;<\/p>\n<p>Le coll\u00e8ge Jean Moulin a particip\u00e9, ce Jeudi 10 Octobre, \u00e0 la journ\u00e9e de la science.<\/p>\n<p>2 sorties \u00e9taient programm\u00e9es dans la matin\u00e9e :<\/p>\n<p>&#8211; la classe de 5\u00e8me 5 s&rsquo;est rendue au cin\u00e9ma Plaza, pour assister \u00e0 la projection comment\u00e9e de 3 \u00e9pisodes de \u00a0\u00bb C&rsquo;est pas sorcier\u00a0\u00bb , sur les th\u00e8mes des ressources plan\u00e9taires en eau , de la constitution de la mati\u00e8re, et des myst\u00e8res de l&rsquo;univers.<\/p>\n<p>&#8211; la classe de 4\u00e9m\u00e8 1 a assist\u00e9 \u00e0 la repr\u00e9sentation, au lyc\u00e9e Val de Garonne, de la pi\u00e8ce \u00ab\u00a0Particuloscopes\u00a0\u00bb par la compagnie Nukku Matti (<a href=\"http:\/\/www.cienukkumatti.fr\/particuloscope\/#more-137\">http:\/\/www.cienukkumatti.fr\/particuloscope\/#more-137<\/a>\u00a0 )<\/p>\n<p>&nbsp;<\/p>\n<p><a href=\"http:\/\/www.jeanmoulinmarmande.fr\/wp-content\/uploads\/2013\/10\/SAM_25841.jpg\"><img loading=\"lazy\" decoding=\"async\" class=\"alignnone  wp-image-1119\" alt=\"SAM_2584\" src=\"http:\/\/www.jeanmoulinmarmande.fr\/wp-content\/uploads\/2013\/10\/SAM_25841.jpg\" width=\"450\" height=\"450\" \/><\/a> <a href=\"http:\/\/www.jeanmoulinmarmande.fr\/wp-content\/uploads\/2013\/10\/SAM_2585.jpg\"><img loading=\"lazy\" decoding=\"async\" class=\"alignnone  wp-image-1118\" alt=\"SAM_2585\" src=\"http:\/\/www.jeanmoulinmarmande.fr\/wp-content\/uploads\/2013\/10\/SAM_2585.jpg\" width=\"450\" height=\"450\" \/><\/a><\/p>\n","protected":false},"excerpt":{"rendered":"<p>&nbsp; &nbsp; Le coll\u00e8ge Jean Moulin a particip\u00e9, ce Jeudi 10 Octobre, \u00e0 la journ\u00e9e de la science. 2 sorties \u00e9taient programm\u00e9es dans la matin\u00e9e : &#8211; la classe de 5\u00e8me 5 s&rsquo;est rendue au cin\u00e9ma Plaza, pour assister \u00e0 la projection comment\u00e9e de 3 \u00e9pisodes de \u00a0\u00bb C&rsquo;est pas sorcier\u00a0\u00bb , sur les th\u00e8mes &hellip; <a href=\"https:\/\/www.jeanmoulinmarmande.fr\/?p=1116\" class=\"more-link\">Continuer la lecture de <span class=\"screen-reader-text\">Journ\u00e9e des sciences : les sorties du matin<\/span>  <span class=\"meta-nav\">&rarr;<\/span><\/a><\/p>\n","protected":false},"author":3,"featured_media":0,"comment_status":"closed","ping_status":"open","sticky":false,"template":"","format":"standard","meta":{"ngg_post_thumbnail":0,"footnotes":""},"categories":[88],"tags":[],"class_list":["post-1116","post","type-post","status-publish","format-standard","hentry","category-atelier-scientifique"],"_links":{"self":[{"href":"https:\/\/www.jeanmoulinmarmande.fr\/index.php?rest_route=\/wp\/v2\/posts\/1116","targetHints":{"allow":["GET"]}}],"collection":[{"href":"https:\/\/www.jeanmoulinmarmande.fr\/index.php?rest_route=\/wp\/v2\/posts"}],"about":[{"href":"https:\/\/www.jeanmoulinmarmande.fr\/index.php?rest_route=\/wp\/v2\/types\/post"}],"author":[{"embeddable":true,"href":"https:\/\/www.jeanmoulinmarmande.fr\/index.php?rest_route=\/wp\/v2\/users\/3"}],"replies":[{"embeddable":true,"href":"https:\/\/www.jeanmoulinmarmande.fr\/index.php?rest_route=%2Fwp%2Fv2%2Fcomments&post=1116"}],"version-history":[{"count":6,"href":"https:\/\/www.jeanmoulinmarmande.fr\/index.php?rest_route=\/wp\/v2\/posts\/1116\/revisions"}],"predecessor-version":[{"id":1123,"href":"https:\/\/www.jeanmoulinmarmande.fr\/index.php?rest_route=\/wp\/v2\/posts\/1116\/revisions\/1123"}],"wp:attachment":[{"href":"https:\/\/www.jeanmoulinmarmande.fr\/index.php?rest_route=%2Fwp%2Fv2%2Fmedia&parent=1116"}],"wp:term":[{"taxonomy":"category","embeddable":true,"href":"https:\/\/www.jeanmoulinmarmande.fr\/index.php?rest_route=%2Fwp%2Fv2%2Fcategories&post=1116"},{"taxonomy":"post_tag","embeddable":true,"href":"https:\/\/www.jeanmoulinmarmande.fr\/index.php?rest_route=%2Fwp%2Fv2%2Ftags&post=1116"}],"curies":[{"name":"wp","href":"https:\/\/api.w.org\/{rel}","templated":true}]}}