{"id":1002,"date":"2013-09-21T19:54:16","date_gmt":"2013-09-21T17:54:16","guid":{"rendered":"http:\/\/www.jeanmoulinmarmande.fr\/?p=1002"},"modified":"2013-09-21T19:54:16","modified_gmt":"2013-09-21T17:54:16","slug":"atelier-theatre-musique","status":"publish","type":"post","link":"https:\/\/www.jeanmoulinmarmande.fr\/?p=1002","title":{"rendered":"Atelier Th\u00e9\u00e2tre-Musique"},"content":{"rendered":"<p align=\"center\"><span style=\"color: #ff0000;\"><b>L\u2019Atelier th\u00e9\u00e2tre-musique l\u00e8ve le rideau sur une nouvelle saison\u00a0!<\/b><\/span><\/p>\n<p align=\"center\"><span style=\"color: #008000;\"><b>R\u00e9union d\u2019information pour les parents et \u00e9l\u00e8ves int\u00e9ress\u00e9s<\/b><\/span><\/p>\n<p align=\"center\"><b>Jeudi 26 septembre 2013 \u00e0 17h30<\/b><\/p>\n<p align=\"center\"><b>Salle de conf\u00e9rence du coll\u00e8ge<\/b><\/p>\n","protected":false},"excerpt":{"rendered":"<p>L\u2019Atelier th\u00e9\u00e2tre-musique l\u00e8ve le rideau sur une nouvelle saison\u00a0! R\u00e9union d\u2019information pour les parents et \u00e9l\u00e8ves int\u00e9ress\u00e9s Jeudi 26 septembre 2013 \u00e0 17h30 Salle de conf\u00e9rence du coll\u00e8ge<\/p>\n","protected":false},"author":3,"featured_media":0,"comment_status":"closed","ping_status":"open","sticky":false,"template":"","format":"standard","meta":{"ngg_post_thumbnail":0,"footnotes":""},"categories":[3,5,62],"tags":[93,86],"class_list":["post-1002","post","type-post","status-publish","format-standard","hentry","category-activites","category-atelier-theatre-musique","category-info-generales","tag-infos-eleves","tag-infos-parents"],"_links":{"self":[{"href":"https:\/\/www.jeanmoulinmarmande.fr\/index.php?rest_route=\/wp\/v2\/posts\/1002","targetHints":{"allow":["GET"]}}],"collection":[{"href":"https:\/\/www.jeanmoulinmarmande.fr\/index.php?rest_route=\/wp\/v2\/posts"}],"about":[{"href":"https:\/\/www.jeanmoulinmarmande.fr\/index.php?rest_route=\/wp\/v2\/types\/post"}],"author":[{"embeddable":true,"href":"https:\/\/www.jeanmoulinmarmande.fr\/index.php?rest_route=\/wp\/v2\/users\/3"}],"replies":[{"embeddable":true,"href":"https:\/\/www.jeanmoulinmarmande.fr\/index.php?rest_route=%2Fwp%2Fv2%2Fcomments&post=1002"}],"version-history":[{"count":1,"href":"https:\/\/www.jeanmoulinmarmande.fr\/index.php?rest_route=\/wp\/v2\/posts\/1002\/revisions"}],"predecessor-version":[{"id":1003,"href":"https:\/\/www.jeanmoulinmarmande.fr\/index.php?rest_route=\/wp\/v2\/posts\/1002\/revisions\/1003"}],"wp:attachment":[{"href":"https:\/\/www.jeanmoulinmarmande.fr\/index.php?rest_route=%2Fwp%2Fv2%2Fmedia&parent=1002"}],"wp:term":[{"taxonomy":"category","embeddable":true,"href":"https:\/\/www.jeanmoulinmarmande.fr\/index.php?rest_route=%2Fwp%2Fv2%2Fcategories&post=1002"},{"taxonomy":"post_tag","embeddable":true,"href":"https:\/\/www.jeanmoulinmarmande.fr\/index.php?rest_route=%2Fwp%2Fv2%2Ftags&post=1002"}],"curies":[{"name":"wp","href":"https:\/\/api.w.org\/{rel}","templated":true}]}}